{"id":112090,"date":"2013-08-05T15:04:53","date_gmt":"2013-08-05T14:04:53","guid":{"rendered":"https:\/\/2013.porto.wordcamp.org\/?p=112090"},"modified":"2013-08-05T13:17:05","modified_gmt":"2013-08-05T12:17:05","slug":"wordpress-move-189-de-toda-a-web","status":"publish","type":"post","link":"https:\/\/porto.wordcamp.org\/2013\/wordpress-move-189-de-toda-a-web\/","title":{"rendered":"WordPress move 18,9% de toda a web"},"content":{"rendered":"<p>Com 10 anos de exist\u00eancia, festejados em Maio, o WordPress \u00e9 hoje respons\u00e1vel por movimentar muitos milh\u00f5es de websites em todo o mundo. O n\u00famero exacto n\u00e3o se sabe, porque est\u00e1 sempre a aumentar.<\/p>\n<p>S\u00f3 no tempo curto que leva a ler este artigo foram carregadas mais algumas instala\u00e7\u00f5es.<\/p>\n<p>O que se sabe \u00e9 que o WordPress \u00e9 j\u00e1 respons\u00e1vel por 18,9 por cento de toda a web. Toda a web. H\u00e1 mesmo quem tenha d\u00favidas de que o Homem-Aranha seja t\u00e3o r\u00e1pido como o WordPress a espalhar as suas teias.<\/p>\n<div id=\"attachment_112091\" style=\"width: 610px\" class=\"wp-caption alignnone\"><a href=\"https:\/\/2013.porto.wordcamp.org\/files\/2013\/08\/WordPress_sites.jpg\"><img loading=\"lazy\" decoding=\"async\" aria-describedby=\"caption-attachment-112091\" class=\"size-full wp-image-112091\" alt=\"Sites com WordPress\" src=\"https:\/\/2013.porto.wordcamp.org\/files\/2013\/08\/WordPress_sites.jpg\" width=\"600\" height=\"462\" srcset=\"https:\/\/porto.wordcamp.org\/2013\/files\/2013\/08\/WordPress_sites.jpg 600w, https:\/\/porto.wordcamp.org\/2013\/files\/2013\/08\/WordPress_sites-300x231.jpg 300w\" sizes=\"auto, (max-width: 600px) 100vw, 600px\" \/><\/a><p id=\"caption-attachment-112091\" class=\"wp-caption-text\">Slide de Matt Mullenweg no WordCamp SF @wordpress.tv<\/p><\/div>\n<p>No \u00faltimo WordCamp de S\u00e3o Francisco, no final de Julho, Matt Mullenweg apresentou o n\u00famero, acrescentando que o crescimento foi de 2,2 por cento no \u00faltimo ano.<\/p>\n<p>Ser\u00e1 este ser\u00e1 um dos temas em foco no WordCamp do Porto, em Novembro? <a href=\"https:\/\/2013.porto.wordcamp.org\/bilhetes\/\" target=\"_blank\">Junte-te a n\u00f3s<\/a> e confirma.<\/p>\n","protected":false},"excerpt":{"rendered":"<p>Com 10 anos de exist\u00eancia, festejados em Maio, o WordPress \u00e9 hoje respons\u00e1vel por movimentar muitos milh\u00f5es de websites em todo o mundo. O n\u00famero exacto n\u00e3o se sabe, porque est\u00e1 sempre a aumentar. S\u00f3 no tempo curto que leva &hellip; <a href=\"https:\/\/porto.wordcamp.org\/2013\/wordpress-move-189-de-toda-a-web\/\">Continuar a ler <span class=\"screen-reader-text\">WordPress move 18,9% de toda a web<\/span>  <span class=\"meta-nav\">&rarr;<\/span><\/a><\/p>\n","protected":false},"author":1034113,"featured_media":0,"comment_status":"closed","ping_status":"open","sticky":false,"template":"","format":"standard","meta":{"_crdt_document":"","jetpack_post_was_ever_published":false,"_jetpack_newsletter_access":"","_jetpack_dont_email_post_to_subs":false,"_jetpack_newsletter_tier_id":0,"_jetpack_memberships_contains_paywalled_content":false,"_jetpack_memberships_contains_paid_content":false,"footnotes":""},"categories":[324],"tags":[67,16318,172037,14],"class_list":["post-112090","post","type-post","status-publish","format-standard","hentry","category-noticias","tag-matt-mullenweg","tag-web","tag-wordcamp-porto","tag-wordpress"],"jetpack_featured_media_url":"","jetpack_sharing_enabled":true,"jetpack_shortlink":"https:\/\/wp.me\/p3pPTH-t9U","_links":{"self":[{"href":"https:\/\/porto.wordcamp.org\/2013\/wp-json\/wp\/v2\/posts\/112090","targetHints":{"allow":["GET"]}}],"collection":[{"href":"https:\/\/porto.wordcamp.org\/2013\/wp-json\/wp\/v2\/posts"}],"about":[{"href":"https:\/\/porto.wordcamp.org\/2013\/wp-json\/wp\/v2\/types\/post"}],"author":[{"embeddable":true,"href":"https:\/\/porto.wordcamp.org\/2013\/wp-json\/wp\/v2\/users\/1034113"}],"replies":[{"embeddable":true,"href":"https:\/\/porto.wordcamp.org\/2013\/wp-json\/wp\/v2\/comments?post=112090"}],"version-history":[{"count":1,"href":"https:\/\/porto.wordcamp.org\/2013\/wp-json\/wp\/v2\/posts\/112090\/revisions"}],"predecessor-version":[{"id":112092,"href":"https:\/\/porto.wordcamp.org\/2013\/wp-json\/wp\/v2\/posts\/112090\/revisions\/112092"}],"wp:attachment":[{"href":"https:\/\/porto.wordcamp.org\/2013\/wp-json\/wp\/v2\/media?parent=112090"}],"wp:term":[{"taxonomy":"category","embeddable":true,"href":"https:\/\/porto.wordcamp.org\/2013\/wp-json\/wp\/v2\/categories?post=112090"},{"taxonomy":"post_tag","embeddable":true,"href":"https:\/\/porto.wordcamp.org\/2013\/wp-json\/wp\/v2\/tags?post=112090"}],"curies":[{"name":"wp","href":"https:\/\/api.w.org\/{rel}","templated":true}]}}