{"id":137304,"date":"2013-08-13T10:10:47","date_gmt":"2013-08-13T09:10:47","guid":{"rendered":"https:\/\/2013.porto.wordcamp.org\/?p=137304"},"modified":"2013-08-13T10:10:47","modified_gmt":"2013-08-13T09:10:47","slug":"liguem-se-a-audencia-nao-se-limitem-a-despejar-slides-aconselha-hugo-fernandes","status":"publish","type":"post","link":"https:\/\/porto.wordcamp.org\/2013\/liguem-se-a-audencia-nao-se-limitem-a-despejar-slides-aconselha-hugo-fernandes\/","title":{"rendered":"&#8220;Liguem-se \u00e0 aud\u00eancia, n\u00e3o se limitem a despejar slides&#8221;, aconselha Hugo Fernandes"},"content":{"rendered":"<p><a href=\"https:\/\/2013.porto.wordcamp.org\/files\/2013\/08\/Hugo-Fernandes.jpg\"><img loading=\"lazy\" decoding=\"async\" class=\"size-full wp-image-137305 alignleft\" alt=\"Hugo-Fernandes\" src=\"https:\/\/2013.porto.wordcamp.org\/files\/2013\/08\/Hugo-Fernandes.jpg\" width=\"200\" height=\"200\" srcset=\"https:\/\/porto.wordcamp.org\/2013\/files\/2013\/08\/Hugo-Fernandes.jpg 200w, https:\/\/porto.wordcamp.org\/2013\/files\/2013\/08\/Hugo-Fernandes-150x150.jpg 150w\" sizes=\"auto, (max-width: 200px) 100vw, 200px\" \/><\/a>&#8220;Hello Ideas&#8221;, sobre a rela\u00e7\u00e3o entre a criatividade e os processos criativos na nossa vida, foi o tema da apresenta\u00e7\u00e3o que Hugo Fernandes fez no WordCamp 2012, em Lisboa.<\/p>\n<p>Hugo Fernandes \u00e9 (drum roll&#8230;) Interactive Designer\u00a0e\u00a0Creative Technologist. Mora em Lisboa mas frequenta o Norte e est\u00e1 em qualquer parte do mundo no seu <a href=\"http:\/\/imhugo.com\/\" target=\"_blank\">site<\/a>.<\/p>\n<p>Desafiamos o Hugo a falar-nos brevemente sobre a sua experi\u00eancia de WordCamp, que aceitou de forma imediata, e deixou-nos duas recomenda\u00e7\u00f5es, que podem ser muito \u00fateis aos oradores desta edi\u00e7\u00e3o.<\/p>\n<p><strong>Qual foi o tema abordado na apresenta\u00e7\u00e3o?<\/strong><\/p>\n<p>A rela\u00e7\u00e3o entre a criatividade e os processos criativos na nossa vida. Intitulou-se &#8220;Hello Ideas&#8221;.<\/p>\n<p><strong>\u00c9 um tema que ainda se mant\u00e9m actual?<\/strong><\/p>\n<p>Claramente.<\/p>\n<p><strong>Ainda mant\u00e9m o entusiasmo no WordPress?<\/strong><\/p>\n<p>Todos os dias \ud83d\ude42<\/p>\n<p><strong>Como chegou ao WordPress?<\/strong><\/p>\n<p>Basicamente por ter percebido que conseguia fazer tudo o que queria e ter ao meu disp\u00f4r uma arquitectura que me permitia concretizar os conceitos de interac\u00e7\u00e3o e conte\u00fados que idealizava para o projecto.<\/p>\n<p><strong>Alguma sugest\u00e3o para os potenciais oradores do pr\u00f3ximo WordCamp?<\/strong><\/p>\n<p>H\u00e1 uma regra de ouro que alguns oradores parecem n\u00e3o conhecer: n\u00e3o fa\u00e7am live coding! Em 2012 houve quem fizesse e n\u00e3o correu bem. Ali\u00e1s, corre sempre mal. A falta de um ponto, uma v\u00edrgula\u2026 Outro conselho seria o de se ligarem com a audi\u00eancia na forma comunicam, n\u00e3o se limitando a despejar slides.<\/p>\n<p><strong>Vai estar no WordCamp Porto?<\/strong><\/p>\n<p>Sim, estarei.<\/p>\n","protected":false},"excerpt":{"rendered":"<p>&#8220;Hello Ideas&#8221;, sobre a rela\u00e7\u00e3o entre a criatividade e os processos criativos na nossa vida, foi o tema da apresenta\u00e7\u00e3o que Hugo Fernandes fez no WordCamp 2012, em Lisboa. Hugo Fernandes \u00e9 (drum roll&#8230;) Interactive Designer\u00a0e\u00a0Creative Technologist. Mora em Lisboa &hellip; <a href=\"https:\/\/porto.wordcamp.org\/2013\/liguem-se-a-audencia-nao-se-limitem-a-despejar-slides-aconselha-hugo-fernandes\/\">Continuar a ler <span class=\"screen-reader-text\">&#8220;Liguem-se \u00e0 aud\u00eancia, n\u00e3o se limitem a despejar slides&#8221;, aconselha Hugo Fernandes<\/span>  <span class=\"meta-nav\">&rarr;<\/span><\/a><\/p>\n","protected":false},"author":1034113,"featured_media":0,"comment_status":"closed","ping_status":"open","sticky":false,"template":"","format":"standard","meta":{"_crdt_document":"","jetpack_post_was_ever_published":false,"_jetpack_newsletter_access":"","_jetpack_dont_email_post_to_subs":false,"_jetpack_newsletter_tier_id":0,"_jetpack_memberships_contains_paywalled_content":false,"_jetpack_memberships_contains_paid_content":false,"footnotes":""},"categories":[324],"tags":[30421,172037],"class_list":["post-137304","post","type-post","status-publish","format-standard","hentry","category-noticias","tag-hugo-fernandes","tag-wordcamp-porto"],"jetpack_featured_media_url":"","jetpack_sharing_enabled":true,"jetpack_shortlink":"https:\/\/wp.me\/p3pPTH-zIA","_links":{"self":[{"href":"https:\/\/porto.wordcamp.org\/2013\/wp-json\/wp\/v2\/posts\/137304","targetHints":{"allow":["GET"]}}],"collection":[{"href":"https:\/\/porto.wordcamp.org\/2013\/wp-json\/wp\/v2\/posts"}],"about":[{"href":"https:\/\/porto.wordcamp.org\/2013\/wp-json\/wp\/v2\/types\/post"}],"author":[{"embeddable":true,"href":"https:\/\/porto.wordcamp.org\/2013\/wp-json\/wp\/v2\/users\/1034113"}],"replies":[{"embeddable":true,"href":"https:\/\/porto.wordcamp.org\/2013\/wp-json\/wp\/v2\/comments?post=137304"}],"version-history":[{"count":2,"href":"https:\/\/porto.wordcamp.org\/2013\/wp-json\/wp\/v2\/posts\/137304\/revisions"}],"predecessor-version":[{"id":137307,"href":"https:\/\/porto.wordcamp.org\/2013\/wp-json\/wp\/v2\/posts\/137304\/revisions\/137307"}],"wp:attachment":[{"href":"https:\/\/porto.wordcamp.org\/2013\/wp-json\/wp\/v2\/media?parent=137304"}],"wp:term":[{"taxonomy":"category","embeddable":true,"href":"https:\/\/porto.wordcamp.org\/2013\/wp-json\/wp\/v2\/categories?post=137304"},{"taxonomy":"post_tag","embeddable":true,"href":"https:\/\/porto.wordcamp.org\/2013\/wp-json\/wp\/v2\/tags?post=137304"}],"curies":[{"name":"wp","href":"https:\/\/api.w.org\/{rel}","templated":true}]}}