{"id":148193,"date":"2013-08-16T15:00:06","date_gmt":"2013-08-16T14:00:06","guid":{"rendered":"https:\/\/2013.porto.wordcamp.org\/?p=148193"},"modified":"2013-08-16T14:23:32","modified_gmt":"2013-08-16T13:23:32","slug":"preparem-se-bem-aconselha-alexandre-marreiros-aos-oradores-do-wordcamp-2013","status":"publish","type":"post","link":"https:\/\/porto.wordcamp.org\/2013\/preparem-se-bem-aconselha-alexandre-marreiros-aos-oradores-do-wordcamp-2013\/","title":{"rendered":"\u201cPreparem-se bem!\u201d, aconselha Alexandre Marreiros aos oradores do WordCamp 2013"},"content":{"rendered":"<p><a href=\"https:\/\/2013.porto.wordcamp.org\/files\/2013\/08\/Alexandre_Marreiros.jpeg\"><img loading=\"lazy\" decoding=\"async\" class=\"size-full wp-image-148194 alignleft\" alt=\"Alexandre_Marreiros\" src=\"https:\/\/2013.porto.wordcamp.org\/files\/2013\/08\/Alexandre_Marreiros.jpeg\" width=\"200\" height=\"200\" srcset=\"https:\/\/porto.wordcamp.org\/2013\/files\/2013\/08\/Alexandre_Marreiros.jpeg 200w, https:\/\/porto.wordcamp.org\/2013\/files\/2013\/08\/Alexandre_Marreiros-150x150.jpeg 150w\" sizes=\"auto, (max-width: 200px) 100vw, 200px\" \/><\/a><\/p>\n<p>\u201cPreparem-se bem!\u201d. Assim mesmo, com ponto de exclama\u00e7\u00e3o. Alexandre Marreiros recomenda aqueles que est\u00e3o interessados em fazer apresenta\u00e7\u00f5es no WordCamp Porto que fa\u00e7am o trabalho de casa. Al\u00e9m de preparados, devem estar prontos a ser \u201coriginais, esfor\u00e7ados e incisivos\u201d.<\/p>\n<p>Fala quem sabe. Quem subiu ao palco do WordCamp 2012, em Lisboa, para falar sobre a implementa\u00e7\u00e3o de plugins.<\/p>\n<p>Alexandre Marreiros \u00e9 licenciado em Engenharia de Inform\u00e1tica e Computadores pelo ISEL. Desde Janeiro de 2010 exerce as fun\u00e7\u00f5es de CTO da <a href=\"http:\/\/www.innovagency.com\/\" target=\"_blank\">Innovagency<\/a>.<\/p>\n<p>Acedeu ao nosso convite para responder a algumas quest\u00f5es sobre o WordCamp, WordPress e anunciar que o calend\u00e1rio lhe diz que a 9 e 10 de Novembro vai estar num certo evento no Porto.<\/p>\n<p><strong>Qual foi o tema abordado na apresenta\u00e7\u00e3o?<\/strong><\/p>\n<p>O tema da minha apresenta\u00e7\u00e3o foi a implementa\u00e7\u00e3o de plugins para a framework WordPress. Os plugins s\u00e3o de todos os mecanismos de extensibilidade do WordPress os que tem maior potencial, infelizmente nem toda a comunidade os entende ou sabe como implementar. O objectivo da sess\u00e3o era precisamente sensibilizar os programadores de uma forma descontra\u00edda mas incisiva para o desenvolvimento e uso deste mecanismo assim como explicar alguns dos pormenores que ocorrem nos bastidores do runtime do WordPress.<\/p>\n<p><strong>\u00c9 um tema que ainda se mant\u00e9m actual?<\/strong><\/p>\n<p>Sem d\u00favida. At\u00e9 porque para al\u00e9m do conhecimento program\u00e1tico dos plugins nos permitir entender grande parte dos conceitos base do runtime do WordPress, permite a quem se dedica ao desenvolvimento de solu\u00e7\u00f5es baseadas em WordPress ser mais acertivo e \u201cmodular\u201d. Para al\u00e9m disso sendo os plugins uma das features mais potentes de extensibilidade do WordPress h\u00e1 todo um \u201cmercado\u201d baseado nesse tipo de desenvolvimento que tem crescido imenso e que se encontra muito longe de estar esgotado.<\/p>\n<p><strong>Ainda mant\u00e9m o entusiasmo no WordPress?<\/strong><\/p>\n<p>Sim. Tem sido interessante ver a adop\u00e7\u00e3o da plataforma WordPress crescer, como tem crescido, desde a blogoesfera at\u00e9 ser usada como core para gest\u00e3o de conte\u00fados no digital, onde cada vez mais vemos solu\u00e7\u00f5es \u2018n\u00e3o web\u2019 a usarem o WordPress como Backend. \u00c9 uma plataforma onde ainda h\u00e1 muito trabalho a fazer e com um potencial de crescimento enorme.<\/p>\n<p><strong>Como chegou ao WordPress?<\/strong><\/p>\n<p>Comecei a usar o WordPress para um blog particular e rapidamente o comecei a adoptar numa l\u00f3gica de backoffice de solu\u00e7\u00f5es web que desenvolvia em regime de freelancing isto numa fase em que ainda n\u00e3o se via o WordPress como uma plataforma de CMS. Usava tamb\u00e9m o WordPress como fornecedor de conte\u00fados via feeds para \u201c3rd party aplications\u201d na epoca em que se falava muito da adop\u00e7\u00e3o de webservices mas em que o paradigma usado era maioritariamente o SOA, o que para o tipo de solu\u00e7\u00f5es r\u00e1pidas e desacopladas que pretendia era demasiado pesado. Foram assim os primeiros contactos t\u00e9cnicos que tive com o WordPress em meados de 2005\/2006.<\/p>\n<p><strong>Alguma sugest\u00e3o para os potenciais oradores do pr\u00f3ximo WordCamp?<\/strong><\/p>\n<p>Sim. Preparem-se bem! O WordCamp tem por norma uma audi\u00eancia multidisciplinar e muito interventiva e com bons skills na mat\u00e9ria WordPress, como tal merecem temas que realmente puxem pela plateia e ajudem a quem assiste a alcan\u00e7ar um n\u00edvel superior. Sejam originais, esfor\u00e7ados e incisivos.<\/p>\n<p><strong>Vai estar no WordCamp Porto?<\/strong><\/p>\n<p>Provavelmente sim, pelo menos j\u00e1 est\u00e1 marcado na minha agenda ;).<\/p>\n<p>&nbsp;<\/p>\n","protected":false},"excerpt":{"rendered":"<p>\u201cPreparem-se bem!\u201d. Assim mesmo, com ponto de exclama\u00e7\u00e3o. Alexandre Marreiros recomenda aqueles que est\u00e3o interessados em fazer apresenta\u00e7\u00f5es no WordCamp Porto que fa\u00e7am o trabalho de casa. Al\u00e9m de preparados, devem estar prontos a ser \u201coriginais, esfor\u00e7ados e incisivos\u201d. Fala &hellip; <a href=\"https:\/\/porto.wordcamp.org\/2013\/preparem-se-bem-aconselha-alexandre-marreiros-aos-oradores-do-wordcamp-2013\/\">Continuar a ler <span class=\"screen-reader-text\">\u201cPreparem-se bem!\u201d, aconselha Alexandre Marreiros aos oradores do WordCamp 2013<\/span>  <span class=\"meta-nav\">&rarr;<\/span><\/a><\/p>\n","protected":false},"author":1034113,"featured_media":0,"comment_status":"closed","ping_status":"open","sticky":false,"template":"","format":"standard","meta":{"_crdt_document":"","jetpack_post_was_ever_published":false,"_jetpack_newsletter_access":"","_jetpack_dont_email_post_to_subs":false,"_jetpack_newsletter_tier_id":0,"_jetpack_memberships_contains_paywalled_content":false,"_jetpack_memberships_contains_paid_content":false,"footnotes":""},"categories":[324],"tags":[175090,9742,216],"class_list":["post-148193","post","type-post","status-publish","format-standard","hentry","category-noticias","tag-alexandre-marreiros","tag-oradores","tag-plugins"],"jetpack_featured_media_url":"","jetpack_sharing_enabled":true,"jetpack_shortlink":"https:\/\/wp.me\/p3pPTH-Cyd","_links":{"self":[{"href":"https:\/\/porto.wordcamp.org\/2013\/wp-json\/wp\/v2\/posts\/148193","targetHints":{"allow":["GET"]}}],"collection":[{"href":"https:\/\/porto.wordcamp.org\/2013\/wp-json\/wp\/v2\/posts"}],"about":[{"href":"https:\/\/porto.wordcamp.org\/2013\/wp-json\/wp\/v2\/types\/post"}],"author":[{"embeddable":true,"href":"https:\/\/porto.wordcamp.org\/2013\/wp-json\/wp\/v2\/users\/1034113"}],"replies":[{"embeddable":true,"href":"https:\/\/porto.wordcamp.org\/2013\/wp-json\/wp\/v2\/comments?post=148193"}],"version-history":[{"count":1,"href":"https:\/\/porto.wordcamp.org\/2013\/wp-json\/wp\/v2\/posts\/148193\/revisions"}],"predecessor-version":[{"id":148195,"href":"https:\/\/porto.wordcamp.org\/2013\/wp-json\/wp\/v2\/posts\/148193\/revisions\/148195"}],"wp:attachment":[{"href":"https:\/\/porto.wordcamp.org\/2013\/wp-json\/wp\/v2\/media?parent=148193"}],"wp:term":[{"taxonomy":"category","embeddable":true,"href":"https:\/\/porto.wordcamp.org\/2013\/wp-json\/wp\/v2\/categories?post=148193"},{"taxonomy":"post_tag","embeddable":true,"href":"https:\/\/porto.wordcamp.org\/2013\/wp-json\/wp\/v2\/tags?post=148193"}],"curies":[{"name":"wp","href":"https:\/\/api.w.org\/{rel}","templated":true}]}}