{"id":162185,"date":"2013-08-20T15:00:26","date_gmt":"2013-08-20T14:00:26","guid":{"rendered":"https:\/\/2013.porto.wordcamp.org\/?p=162185"},"modified":"2013-08-20T14:29:19","modified_gmt":"2013-08-20T13:29:19","slug":"aproveitem-as-pausas-para-conhecer-o-publico-e-outros-oradores-recomenda-ana-silva","status":"publish","type":"post","link":"https:\/\/porto.wordcamp.org\/2013\/aproveitem-as-pausas-para-conhecer-o-publico-e-outros-oradores-recomenda-ana-silva\/","title":{"rendered":"&#8220;Aproveitem as pausas para conhecer o p\u00fablico e outros oradores&#8221;, recomenda Ana Silva"},"content":{"rendered":"<p><a href=\"https:\/\/2013.porto.wordcamp.org\/files\/2013\/08\/Ana_Silva.jpg\"><img loading=\"lazy\" decoding=\"async\" class=\"size-full wp-image-162186 alignleft\" alt=\"Ana_Silva\" src=\"https:\/\/2013.porto.wordcamp.org\/files\/2013\/08\/Ana_Silva.jpg\" width=\"350\" height=\"343\" srcset=\"https:\/\/porto.wordcamp.org\/2013\/files\/2013\/08\/Ana_Silva.jpg 350w, https:\/\/porto.wordcamp.org\/2013\/files\/2013\/08\/Ana_Silva-300x294.jpg 300w\" sizes=\"auto, (max-width: 350px) 100vw, 350px\" \/><\/a>Ana Silva chegou ao WordCamp Lisboa de 2011 para falar sobre a experi\u00eancia de quem chega ao WordPress proveniente de outras plataformas.<\/p>\n<p>Quase dois anos depois \u00e9 ainda um tema actual, diz. N\u00f3s concordamos. \u00c9 o WordPress que alimenta a sua web social.<\/p>\n<p>Ana Silva recomenda aos participantes do WordCamp do Porto que se envolvam. Que aproveitem as apresenta\u00e7\u00f5es e os momento de pausa para concretizar conhecimentos e conhecer pessoas.<\/p>\n<p><strong>Qual foi o tema abordado na apresenta\u00e7\u00e3o?<\/strong><\/p>\n<p>Eu era claramente a oradora &#8220;outlier&#8221; do Wordcamp 2011, uma n\u00e3o perita a partilhar a sua perspectiva e experi\u00eancia: a minha incurs\u00e3o pessoal pelo mundo dos blogs e a experi\u00eancia com outras plataformas at\u00e9 chegar ao WordPress.com que me parecia f\u00e1cil de usar, mais rico e vers\u00e1til, e livre de spam.<\/p>\n<p><strong>\u00c9 um tema que ainda se mant\u00e9m actual?<\/strong><\/p>\n<p>Continuo a ver na minha rede de contactos pessoas que dizem &#8220;quero come\u00e7ar um blog ou site, que plataformas aconselham?&#8221; por isso acredito que para algumas pessoas a experi\u00eancia de outros (principalmente os que n\u00e3o s\u00e3o &#8220;peritos&#8221;) pode ser interessante.<\/p>\n<p><strong>Ainda mant\u00e9m o entusiasmo no WordPress?<\/strong><\/p>\n<p>Continua a ser o WordPress a possibilitar a partilha do que penso ou leio atrav\u00e9s do meu cantinho na web social que \u00e9 o\u00a0<a href=\"http:\/\/artlifework.wordpress.com\/\" target=\"_blank\">http:\/\/artlifework.wordpress.com\/<\/a>. O \u00faltimo polimento que fiz ao blog (termo que n\u00e3o consigo escrever na vers\u00e3o portuguesa de blogue&#8230; parece-me estranho) foi a passagem para um template responsivo (10 min e bastou para ficar prontinho!). E recomendo a plataforma sempre que posso.<\/p>\n<p><strong>Como chegou ao WordPress?<\/strong><\/p>\n<p>Ah, para isso t\u00eam que rever a apresenta\u00e7\u00e3o que fiz em 2011 \ud83d\ude42 Basicamente, passei pelo blogspot e tive uma experi\u00eancia tipo twilight zone com o Joomla at\u00e9 chegar ao WordPress do qual sempre tinha ouvido falar bem. E j\u00e1 n\u00e3o voltei atr\u00e1s.<\/p>\n<p><strong>Alguma sugest\u00e3o para os potenciais oradores do pr\u00f3ximo WordCamp?<\/strong><\/p>\n<p>Assistam ao evento todo, isso \u00e9 importante para organizadores e audi\u00eancia; Aproveitem os momentos de pausa (coffee-breaks e afins) para conhecer o p\u00fablico e os outros oradores; Se usarem Twitter, coloquem o vosso Twitter name em todos os slides, e antes e durante o evento estejam atentos \u00e0 hashtag oficial do evento; Divirtam-se!<\/p>\n<div><strong>Vai estar no WordCamp Porto?<\/strong><\/div>\n<p>Gostaria, at\u00e9 para rever caras conhecidas! Vai depender da minha agenda nessa data&#8230;<\/p>\n<p><strong>Portanto, que ningu\u00e9m se atreva a convidar a Ana para qualquer evento, espect\u00e1culo, festa de anivers\u00e1rio, corrida solid\u00e1ria ou o que quer que seja no dia 9 de Novembro.<\/strong><\/p>\n","protected":false},"excerpt":{"rendered":"<p>Ana Silva chegou ao WordCamp Lisboa de 2011 para falar sobre a experi\u00eancia de quem chega ao WordPress proveniente de outras plataformas. Quase dois anos depois \u00e9 ainda um tema actual, diz. N\u00f3s concordamos. \u00c9 o WordPress que alimenta a &hellip; <a href=\"https:\/\/porto.wordcamp.org\/2013\/aproveitem-as-pausas-para-conhecer-o-publico-e-outros-oradores-recomenda-ana-silva\/\">Continuar a ler <span class=\"screen-reader-text\">&#8220;Aproveitem as pausas para conhecer o p\u00fablico e outros oradores&#8221;, recomenda Ana Silva<\/span>  <span class=\"meta-nav\">&rarr;<\/span><\/a><\/p>\n","protected":false},"author":1034113,"featured_media":162186,"comment_status":"closed","ping_status":"open","sticky":false,"template":"","format":"standard","meta":{"_crdt_document":"","jetpack_post_was_ever_published":false,"_jetpack_newsletter_access":"","_jetpack_dont_email_post_to_subs":false,"_jetpack_newsletter_tier_id":0,"_jetpack_memberships_contains_paywalled_content":false,"_jetpack_memberships_contains_paid_content":false,"footnotes":""},"categories":[324],"tags":[9804],"class_list":["post-162185","post","type-post","status-publish","format-standard","has-post-thumbnail","hentry","category-noticias","tag-ana-silva"],"jetpack_featured_media_url":"https:\/\/porto.wordcamp.org\/2013\/files\/2013\/08\/Ana_Silva.jpg","jetpack_sharing_enabled":true,"jetpack_shortlink":"https:\/\/wp.me\/p3pPTH-GbT","_links":{"self":[{"href":"https:\/\/porto.wordcamp.org\/2013\/wp-json\/wp\/v2\/posts\/162185","targetHints":{"allow":["GET"]}}],"collection":[{"href":"https:\/\/porto.wordcamp.org\/2013\/wp-json\/wp\/v2\/posts"}],"about":[{"href":"https:\/\/porto.wordcamp.org\/2013\/wp-json\/wp\/v2\/types\/post"}],"author":[{"embeddable":true,"href":"https:\/\/porto.wordcamp.org\/2013\/wp-json\/wp\/v2\/users\/1034113"}],"replies":[{"embeddable":true,"href":"https:\/\/porto.wordcamp.org\/2013\/wp-json\/wp\/v2\/comments?post=162185"}],"version-history":[{"count":3,"href":"https:\/\/porto.wordcamp.org\/2013\/wp-json\/wp\/v2\/posts\/162185\/revisions"}],"predecessor-version":[{"id":162188,"href":"https:\/\/porto.wordcamp.org\/2013\/wp-json\/wp\/v2\/posts\/162185\/revisions\/162188"}],"wp:featuredmedia":[{"embeddable":true,"href":"https:\/\/porto.wordcamp.org\/2013\/wp-json\/wp\/v2\/media\/162186"}],"wp:attachment":[{"href":"https:\/\/porto.wordcamp.org\/2013\/wp-json\/wp\/v2\/media?parent=162185"}],"wp:term":[{"taxonomy":"category","embeddable":true,"href":"https:\/\/porto.wordcamp.org\/2013\/wp-json\/wp\/v2\/categories?post=162185"},{"taxonomy":"post_tag","embeddable":true,"href":"https:\/\/porto.wordcamp.org\/2013\/wp-json\/wp\/v2\/tags?post=162185"}],"curies":[{"name":"wp","href":"https:\/\/api.w.org\/{rel}","templated":true}]}}