{"id":165710,"date":"2013-08-21T15:00:51","date_gmt":"2013-08-21T14:00:51","guid":{"rendered":"https:\/\/2013.porto.wordcamp.org\/?p=165710"},"modified":"2013-08-26T14:57:17","modified_gmt":"2013-08-26T13:57:17","slug":"os-wordcamp-tem-uma-energia-muito-propria-sublinha-andre-luis","status":"publish","type":"post","link":"https:\/\/porto.wordcamp.org\/2013\/os-wordcamp-tem-uma-energia-muito-propria-sublinha-andre-luis\/","title":{"rendered":"\u201cOs WordCamp t\u00eam uma energia muito pr\u00f3pria\u201d, sublinha Andr\u00e9 Lu\u00eds"},"content":{"rendered":"<p><a href=\"https:\/\/2013.porto.wordcamp.org\/files\/2013\/08\/Andre_Luis.png\"><img loading=\"lazy\" decoding=\"async\" class=\"size-full wp-image-165711 alignleft\" alt=\"Andre_Luis\" src=\"https:\/\/2013.porto.wordcamp.org\/files\/2013\/08\/Andre_Luis.png\" width=\"256\" height=\"256\" srcset=\"https:\/\/porto.wordcamp.org\/2013\/files\/2013\/08\/Andre_Luis.png 256w, https:\/\/porto.wordcamp.org\/2013\/files\/2013\/08\/Andre_Luis-150x150.png 150w\" sizes=\"auto, (max-width: 256px) 100vw, 256px\" \/><\/a>O licenciamento livre de conte\u00fados online foi o tema da apresenta\u00e7\u00e3o de Andr\u00e9 Lu\u00eds no WordCamp de 2011. Um assunto que ainda est\u00e1 actual. E estar\u00e1 no futuro pr\u00f3ximo, arriscamos n\u00f3s.<\/p>\n<p>Admite que o ditado \u2018em casa de ferreiro, espeto de pau\u2019 lhe assenta como uma luva. Faz instala\u00e7\u00f5es WordPress para outras pessoas mas o que lhe pertence est\u00e1 em mudan\u00e7as. \u201cEternamente\u201d, confessa.<\/p>\n<p>A quem subir ao palco do ISEP, em Novembro, recomenda que \u201ccontem uma hist\u00f3ria ao longo da apresenta\u00e7\u00e3o e acabem com um bang!\u201d. Mas, por favor, n\u00e3o estraguem nada.<\/p>\n<p><strong>Qual foi o tema abordado na apresenta\u00e7\u00e3o?<\/strong><\/p>\n<p>O tema tratado foi licenciamento livre de conte\u00fados online. O t\u00edtulo era: &#8220;Dr. Copyright ou como eu deixei de me preocupar e passei a adorar licen\u00e7as permissivas&#8221;. <a href=\"http:\/\/2011.lisboa.wordcamp.org\/session\/dr-copyright-ou-como-eu-deixei-de-me-preocupar-e-passei-a-adorar-licencas-permissivas\/\" target=\"_blank\">http:\/\/2011.lisboa.wordcamp.org\/session\/dr-copyright-ou-como-eu-deixei-de-me-preocupar-e-passei-a-adorar-licencas-permissivas\/<\/a><\/p>\n<p><strong>\u00c9 um tema que ainda se mant\u00e9m actual?<\/strong><\/p>\n<p>Sim, apesar de ser um pouco tagencial \u00e0 comunidade de WordPress. Continuam a surgir casos de usos indevidos de conte\u00fados disponibilizados online. H\u00e1 muitas pessoas que ainda desconhecem as regras das licen\u00e7as Creative Commons e como estas nos podem ajudar no dia-a-dia.<\/p>\n<p><strong>Ainda mant\u00e9m o entusiasmo no WordPress?<\/strong><\/p>\n<p>Entusiasmo, sim. Infelizmente estou em fase de mudan\u00e7a eternamente. Casa de ferreiro, espeto de pau. O blog ainda n\u00e3o esta activado, apesar de estar meio feito. \ud83d\ude42 O que tenho atualmente online foi feito \u00e0 m\u00e3o nos idos anos de 2000 e picos. Shame on me.<\/p>\n<p><strong>Como chegou ao WordPress?<\/strong><\/p>\n<p>Acompanho o projecto apaixonadamente h\u00e1 anos. J\u00e1 instalei e preparei \u2018wordpresses\u2019 para colegas, amigos e namorada. \u00c9 a minha primeira op\u00e7\u00e3o quando oi\u00e7o algu\u00e9m dizer que tem um problema que o WordPress consiga resolver.<\/p>\n<p><strong>Alguma sugest\u00e3o para os potenciais oradores do pr\u00f3ximo WordCamp?<\/strong><\/p>\n<p>Os eventos WordCamp t\u00eam uma energia muito pr\u00f3pria. Todos estamos unidos pela mesma paix\u00e3o, no entanto os interesses comuns normalmente s\u00e3o muito\u00a0mais do que apenas o WordPress. Explorem isso nas vossas apresenta\u00e7\u00f5es, ensaiem-nas e estejam seguros em palco. Contem uma hist\u00f3ria ao longo da apresenta\u00e7\u00e3o e acabem com um bang! Um desafio, uma conclus\u00e3o, uma pergunta?&#8230; Para finalizar, uma dica: estejam atentos \u00e0s apresenta\u00e7\u00f5es do dia e refiram-se a elas sempre que for pertinente. A audi\u00eancia vai apreciar a mensagem coesa que fica do\u00a0evento dessa forma. E break a leg!<\/p>\n<p><strong>Vai estar no WordCamp Porto?<\/strong><\/p>\n<p>Espero que sim, n\u00e3o perco uma oportunidade de dar um salto a\u00ed a cima.<\/p>\n","protected":false},"excerpt":{"rendered":"<p>O licenciamento livre de conte\u00fados online foi o tema da apresenta\u00e7\u00e3o de Andr\u00e9 Lu\u00eds no WordCamp de 2011. Um assunto que ainda est\u00e1 actual. E estar\u00e1 no futuro pr\u00f3ximo, arriscamos n\u00f3s. Admite que o ditado \u2018em casa de ferreiro, espeto &hellip; <a href=\"https:\/\/porto.wordcamp.org\/2013\/os-wordcamp-tem-uma-energia-muito-propria-sublinha-andre-luis\/\">Continuar a ler <span class=\"screen-reader-text\">\u201cOs WordCamp t\u00eam uma energia muito pr\u00f3pria\u201d, sublinha Andr\u00e9 Lu\u00eds<\/span>  <span class=\"meta-nav\">&rarr;<\/span><\/a><\/p>\n","protected":false},"author":1034113,"featured_media":0,"comment_status":"closed","ping_status":"open","sticky":false,"template":"","format":"standard","meta":{"_crdt_document":"","jetpack_post_was_ever_published":false,"_jetpack_newsletter_access":"","_jetpack_dont_email_post_to_subs":false,"_jetpack_newsletter_tier_id":0,"_jetpack_memberships_contains_paywalled_content":false,"_jetpack_memberships_contains_paid_content":false,"footnotes":""},"categories":[324],"tags":[180134,25],"class_list":["post-165710","post","type-post","status-publish","format-standard","hentry","category-noticias","tag-andre-luis","tag-wordcamp"],"jetpack_featured_media_url":"","jetpack_sharing_enabled":true,"jetpack_shortlink":"https:\/\/wp.me\/p3pPTH-H6K","_links":{"self":[{"href":"https:\/\/porto.wordcamp.org\/2013\/wp-json\/wp\/v2\/posts\/165710","targetHints":{"allow":["GET"]}}],"collection":[{"href":"https:\/\/porto.wordcamp.org\/2013\/wp-json\/wp\/v2\/posts"}],"about":[{"href":"https:\/\/porto.wordcamp.org\/2013\/wp-json\/wp\/v2\/types\/post"}],"author":[{"embeddable":true,"href":"https:\/\/porto.wordcamp.org\/2013\/wp-json\/wp\/v2\/users\/1034113"}],"replies":[{"embeddable":true,"href":"https:\/\/porto.wordcamp.org\/2013\/wp-json\/wp\/v2\/comments?post=165710"}],"version-history":[{"count":2,"href":"https:\/\/porto.wordcamp.org\/2013\/wp-json\/wp\/v2\/posts\/165710\/revisions"}],"predecessor-version":[{"id":165713,"href":"https:\/\/porto.wordcamp.org\/2013\/wp-json\/wp\/v2\/posts\/165710\/revisions\/165713"}],"wp:attachment":[{"href":"https:\/\/porto.wordcamp.org\/2013\/wp-json\/wp\/v2\/media?parent=165710"}],"wp:term":[{"taxonomy":"category","embeddable":true,"href":"https:\/\/porto.wordcamp.org\/2013\/wp-json\/wp\/v2\/categories?post=165710"},{"taxonomy":"post_tag","embeddable":true,"href":"https:\/\/porto.wordcamp.org\/2013\/wp-json\/wp\/v2\/tags?post=165710"}],"curies":[{"name":"wp","href":"https:\/\/api.w.org\/{rel}","templated":true}]}}