{"id":184018,"date":"2013-08-26T15:00:21","date_gmt":"2013-08-26T14:00:21","guid":{"rendered":"https:\/\/2013.porto.wordcamp.org\/?p=184018"},"modified":"2013-08-26T15:00:21","modified_gmt":"2013-08-26T14:00:21","slug":"nuno-morgadinho-o-grande-desafio-esta-sempre-em-descobrir-o-tema-da-apresentacao","status":"publish","type":"post","link":"https:\/\/porto.wordcamp.org\/2013\/nuno-morgadinho-o-grande-desafio-esta-sempre-em-descobrir-o-tema-da-apresentacao\/","title":{"rendered":"Nuno Morgadinho: \u201cO grande desafio est\u00e1 sempre em descobrir o tema da apresenta\u00e7\u00e3o\u201d"},"content":{"rendered":"<p><a href=\"https:\/\/2013.porto.wordcamp.org\/files\/2013\/08\/nuno_morgadinho.png\"><img loading=\"lazy\" decoding=\"async\" class=\"size-full wp-image-184019 alignleft\" alt=\"Nuno Morgadinho\" src=\"https:\/\/2013.porto.wordcamp.org\/files\/2013\/08\/nuno_morgadinho.png\" width=\"214\" height=\"214\" srcset=\"https:\/\/porto.wordcamp.org\/2013\/files\/2013\/08\/nuno_morgadinho.png 214w, https:\/\/porto.wordcamp.org\/2013\/files\/2013\/08\/nuno_morgadinho-150x150.png 150w\" sizes=\"auto, (max-width: 214px) 100vw, 214px\" \/><\/a>Nuno Morgadinho especializou-se em WordPress. \u00c9 um dos criadores da <a href=\"http:\/\/www.widgilabs.com\/\" target=\"_blank\">WidgiLabs<\/a>, empresa de tecnologias que tem o WordPress em muito do trabalho que desenvolve. No curr\u00edculo tem consultoria e programa\u00e7\u00e3o para a Ag\u00eancia Espacial Europeia e YDreams.<\/p>\n<p>Ajudou a organizar o WordCamp Lisboa de 2011 onde foi tamb\u00e9m um dos oradores. Levou uma apresenta\u00e7\u00e3o chamada \u201cDe curioso a poeta \u2013 a comunidade e a cultura WordPress\u201d. Aqui, o sentido de poesia, \u00e9 mesmo esse de que est\u00e3o a pensar.<\/p>\n<p>Se o c\u00f3digo \u00e9 poesia, Nuno Morgadinho est\u00e1 empenhado em levar o WordPress \u201cpara al\u00e9m dos limites\u201d. Aos candidatos a oradores deste ano recomenda que escolham um tema que seja apaixonante. Ah, e podemos contar com ele no Porto.<\/p>\n<p><strong>Qual foi o tema abordado na apresenta\u00e7\u00e3o?<\/strong><\/p>\n<p>Na apresenta\u00e7\u00e3o &#8220;De curioso a poeta \u2013 a comunidade e a cultura WordPress&#8221; fiz um relato em primeira-m\u00e3o do que \u00e9 participar na comunidade WordPress. Houve uma altura na minha vida que quis come\u00e7ar a contribuir para o WordPress mas n\u00e3o sabia a melhor maneira de o fazer nem como funcionavam certos aspectos da comunidade, por exemplo, dava em maluco s\u00f3 a tentar perceber que tickets no trac estavam em aberto para a pr\u00f3xima release. Com o tempo os processos envolvidos tornaram-se familiares e na apresenta\u00e7\u00e3o quis mostrar como qualquer pessoa pode participar, como se envolver e tamb\u00e9m como ganhar reputa\u00e7\u00e3o e karma dentro da comunidade.<\/p>\n<p><strong>O tema ainda se mant\u00e9m actual?<\/strong><\/p>\n<p>O tema est\u00e1 actual pois apesar de j\u00e1 existirem muitos recursos que podem ser usados por quem pretende come\u00e7ar, a possibilidade de ouvir um relato de algu\u00e9m que j\u00e1 passou pelos processos e participa \u00e9 sempre bem-vindo.<\/p>\n<p><strong>Ainda mant\u00e9m o entusiasmo no WordPress?<\/strong><\/p>\n<p>O WordPress \u00e9 uma plataforma que me fascina e cuja utiliza\u00e7\u00e3o estou constantemente a tentar levar para al\u00e9m dos limites. Al\u00e9m disso o crescimento e adop\u00e7\u00e3o a n\u00edvel global est\u00e1 a aumentar o que \u00e9 muito bom n\u00e3o s\u00f3 pela democratiza\u00e7\u00e3o da plataforma mas tamb\u00e9m por trazer oportunidades profissionais.<\/p>\n<p><strong>Como chegou ao WordPress?<\/strong><\/p>\n<p>Comecei a usar como blogger nas primeiras vers\u00f5es (1.x), depois a modificar pequenos aspectos de temas e plugins como curioso. Hoje em dia tenho a sorte de s\u00f3 trabalhar com WordPress desde o desenvolvimento de plugins e temas at\u00e9 websites completos e solu\u00e7\u00f5es mais complexas que envolvem falar com sistemas externos ou aplica\u00e7\u00f5es m\u00f3veis.<\/p>\n<p><strong>Algum conselho para os potenciais oradores do pr\u00f3ximo WordCamp?<\/strong><\/p>\n<p>Para mim o grande desafio est\u00e1 sempre em descobrir o tema da apresenta\u00e7\u00e3o, como quero que seja uma apresenta\u00e7\u00e3o que traz valor \u00e0s pessoas e que entusiasma a audi\u00eancia coloco sempre muita press\u00e3o na escolha o que a torna mais dif\u00edcil. Para mim este \u00e9 sempre o grande desafio. Depois do tema escolhido foco-me na prepara\u00e7\u00e3o e j\u00e1 \u00e9 tudo mais f\u00e1cil. Hoje em dia continuo com a mesma dificuldade embora ache que o melhor \u00e9 escolher um tema que nos apaixona e depois ir em frente.<\/p>\n<p><strong>Vai estar no WordCamp do Porto?<\/strong><\/p>\n<p>Vou estar presente claro, para al\u00e9m de ser o primeiro WordCamp no Porto tenho sempre interesse em ver as apresenta\u00e7\u00f5es e conhecer pessoas novas.<\/p>\n","protected":false},"excerpt":{"rendered":"<p>Nuno Morgadinho especializou-se em WordPress. \u00c9 um dos criadores da WidgiLabs, empresa de tecnologias que tem o WordPress em muito do trabalho que desenvolve. No curr\u00edculo tem consultoria e programa\u00e7\u00e3o para a Ag\u00eancia Espacial Europeia e YDreams. Ajudou a organizar &hellip; <a href=\"https:\/\/porto.wordcamp.org\/2013\/nuno-morgadinho-o-grande-desafio-esta-sempre-em-descobrir-o-tema-da-apresentacao\/\">Continuar a ler <span class=\"screen-reader-text\">Nuno Morgadinho: \u201cO grande desafio est\u00e1 sempre em descobrir o tema da apresenta\u00e7\u00e3o\u201d<\/span>  <span class=\"meta-nav\">&rarr;<\/span><\/a><\/p>\n","protected":false},"author":1034113,"featured_media":0,"comment_status":"closed","ping_status":"open","sticky":false,"template":"","format":"standard","meta":{"_crdt_document":"","jetpack_post_was_ever_published":false,"_jetpack_newsletter_access":"","_jetpack_dont_email_post_to_subs":false,"_jetpack_newsletter_tier_id":0,"_jetpack_memberships_contains_paywalled_content":false,"_jetpack_memberships_contains_paid_content":false,"footnotes":""},"categories":[324],"tags":[180243],"class_list":["post-184018","post","type-post","status-publish","format-standard","hentry","category-noticias","tag-nuno-morgadinho"],"jetpack_featured_media_url":"","jetpack_sharing_enabled":true,"jetpack_shortlink":"https:\/\/wp.me\/p3pPTH-LS2","_links":{"self":[{"href":"https:\/\/porto.wordcamp.org\/2013\/wp-json\/wp\/v2\/posts\/184018","targetHints":{"allow":["GET"]}}],"collection":[{"href":"https:\/\/porto.wordcamp.org\/2013\/wp-json\/wp\/v2\/posts"}],"about":[{"href":"https:\/\/porto.wordcamp.org\/2013\/wp-json\/wp\/v2\/types\/post"}],"author":[{"embeddable":true,"href":"https:\/\/porto.wordcamp.org\/2013\/wp-json\/wp\/v2\/users\/1034113"}],"replies":[{"embeddable":true,"href":"https:\/\/porto.wordcamp.org\/2013\/wp-json\/wp\/v2\/comments?post=184018"}],"version-history":[{"count":1,"href":"https:\/\/porto.wordcamp.org\/2013\/wp-json\/wp\/v2\/posts\/184018\/revisions"}],"predecessor-version":[{"id":184020,"href":"https:\/\/porto.wordcamp.org\/2013\/wp-json\/wp\/v2\/posts\/184018\/revisions\/184020"}],"wp:attachment":[{"href":"https:\/\/porto.wordcamp.org\/2013\/wp-json\/wp\/v2\/media?parent=184018"}],"wp:term":[{"taxonomy":"category","embeddable":true,"href":"https:\/\/porto.wordcamp.org\/2013\/wp-json\/wp\/v2\/categories?post=184018"},{"taxonomy":"post_tag","embeddable":true,"href":"https:\/\/porto.wordcamp.org\/2013\/wp-json\/wp\/v2\/tags?post=184018"}],"curies":[{"name":"wp","href":"https:\/\/api.w.org\/{rel}","templated":true}]}}