{"id":290373,"date":"2013-09-24T10:00:27","date_gmt":"2013-09-24T09:00:27","guid":{"rendered":"https:\/\/2013.porto.wordcamp.org\/?p=290373"},"modified":"2013-09-23T18:24:28","modified_gmt":"2013-09-23T17:24:28","slug":"vasco-marques-reservar-assento-no-wordcamp-garante-sempre-aprendizagem","status":"publish","type":"post","link":"https:\/\/porto.wordcamp.org\/2013\/vasco-marques-reservar-assento-no-wordcamp-garante-sempre-aprendizagem\/","title":{"rendered":"Vasco Marques: \u201cReservar assento no WordCamp garante sempre aprendizagem\u201d"},"content":{"rendered":"<p><a href=\"https:\/\/2013.porto.wordcamp.org\/files\/2013\/09\/vasco-marques.jpg\"><img loading=\"lazy\" decoding=\"async\" class=\"size-full wp-image-290374 alignleft\" alt=\"vasco-marques\" src=\"https:\/\/2013.porto.wordcamp.org\/files\/2013\/09\/vasco-marques.jpg\" width=\"400\" height=\"470\" srcset=\"https:\/\/porto.wordcamp.org\/2013\/files\/2013\/09\/vasco-marques.jpg 400w, https:\/\/porto.wordcamp.org\/2013\/files\/2013\/09\/vasco-marques-255x300.jpg 255w\" sizes=\"auto, (max-width: 400px) 100vw, 400px\" \/><\/a>Socorre-se de Esopo para lembrar que \u201cningu\u00e9m \u00e9 t\u00e3o grande que n\u00e3o possa aprender, nem t\u00e3o pequeno que n\u00e3o possa ensinar\u201d. Uma mensagem Vasco Marques deixa aos potenciais oradores do WordCamp de 2013 mas que pode, igualmente, aplicar-se a quem vai participar enquanto assistente.<\/p>\n<p>Vasco Marques foi um dos oradores do WordCamp de Lisboa de 2012 e vai estar na iniciativa deste ano.<\/p>\n<p><strong>Qual foi o tema abordado na apresenta\u00e7\u00e3o?<\/strong><\/p>\n<p>Como criar um website de partilha de conhecimento.<\/p>\n<p><strong>O tema ainda se mant\u00e9m actual?<\/strong><\/p>\n<p>Sim, cada vez mais h\u00e1 necessidade de bons websites com conte\u00fados de qualidade. Especialmente em portugu\u00eas, existe muito por fazer.<\/p>\n<p><strong>Ainda mant\u00e9m o entusiasmo no WordPress?<\/strong><\/p>\n<p>Cada vez mais. Pela simplicidade, universalidade e escalabilidade. E existe um grande aumento da procura, por diversos tipos de profissionais interessados em ter presen\u00e7a online.<\/p>\n<p><strong>Como chegou ao WordPress?<\/strong><\/p>\n<p>N\u00e3o foi a primeira plataforma que utilizei, antes disso passei por outras. Mas quando comecei a perceber que estava a ser cada vez mais utilizado e a grande compatibilidade com todo o tipo de plugins externos, experimentei. A partir dai passou a ser a principal solu\u00e7\u00e3o para presen\u00e7a na Web.<\/p>\n<p><strong>Algum conselho para os potenciais oradores do pr\u00f3ximo WordCamp?<\/strong><\/p>\n<p>Deixo para os oradores e assist\u00eancia a seguinte reflex\u00e3o: \u201cNingu\u00e9m \u00e9 t\u00e3o grande que n\u00e3o possa aprender, nem t\u00e3o pequeno que n\u00e3o possa ensinar.\u201d \u2013 Esopo<\/p>\n<p>Algu\u00e9m que tenha tido um processo de aprendizagem grande em desenvolvimento de projectos WordPress, deve partilhar esse conhecimento, vai ser \u00fatil para muitos profissionais. O n\u00famero de anos de experi\u00eancia n\u00e3o \u00e9 o mais importante. E o que consideramos b\u00e1sico, pode n\u00e3o ser de conhecimento de todos.<\/p>\n<p>Por outro lado, por mais experi\u00eancia que tenhamos, reservar assento no WordCamp, vai garantir sempre aprendizagem. Para al\u00e9m disso, estarmos fisicamente num evento destes \u00e9 uma experi\u00eancia memor\u00e1vel!<\/p>\n<p><strong>Vai estar no WordCamp do Porto?<\/strong><\/p>\n<p>Sim, vou.<\/p>\n","protected":false},"excerpt":{"rendered":"<p>Socorre-se de Esopo para lembrar que \u201cningu\u00e9m \u00e9 t\u00e3o grande que n\u00e3o possa aprender, nem t\u00e3o pequeno que n\u00e3o possa ensinar\u201d. Uma mensagem Vasco Marques deixa aos potenciais oradores do WordCamp de 2013 mas que pode, igualmente, aplicar-se a quem &hellip; <a href=\"https:\/\/porto.wordcamp.org\/2013\/vasco-marques-reservar-assento-no-wordcamp-garante-sempre-aprendizagem\/\">Continuar a ler <span class=\"screen-reader-text\">Vasco Marques: \u201cReservar assento no WordCamp garante sempre aprendizagem\u201d<\/span>  <span class=\"meta-nav\">&rarr;<\/span><\/a><\/p>\n","protected":false},"author":1034113,"featured_media":0,"comment_status":"closed","ping_status":"open","sticky":false,"template":"","format":"standard","meta":{"_crdt_document":"","jetpack_post_was_ever_published":false,"_jetpack_newsletter_access":"","_jetpack_dont_email_post_to_subs":false,"_jetpack_newsletter_tier_id":0,"_jetpack_memberships_contains_paywalled_content":false,"_jetpack_memberships_contains_paid_content":false,"footnotes":""},"categories":[324],"tags":[191046],"class_list":["post-290373","post","type-post","status-publish","format-standard","hentry","category-noticias","tag-vasco-marques"],"jetpack_featured_media_url":"","jetpack_sharing_enabled":true,"jetpack_shortlink":"https:\/\/wp.me\/p3pPTH-1dxr","_links":{"self":[{"href":"https:\/\/porto.wordcamp.org\/2013\/wp-json\/wp\/v2\/posts\/290373","targetHints":{"allow":["GET"]}}],"collection":[{"href":"https:\/\/porto.wordcamp.org\/2013\/wp-json\/wp\/v2\/posts"}],"about":[{"href":"https:\/\/porto.wordcamp.org\/2013\/wp-json\/wp\/v2\/types\/post"}],"author":[{"embeddable":true,"href":"https:\/\/porto.wordcamp.org\/2013\/wp-json\/wp\/v2\/users\/1034113"}],"replies":[{"embeddable":true,"href":"https:\/\/porto.wordcamp.org\/2013\/wp-json\/wp\/v2\/comments?post=290373"}],"version-history":[{"count":1,"href":"https:\/\/porto.wordcamp.org\/2013\/wp-json\/wp\/v2\/posts\/290373\/revisions"}],"predecessor-version":[{"id":290375,"href":"https:\/\/porto.wordcamp.org\/2013\/wp-json\/wp\/v2\/posts\/290373\/revisions\/290375"}],"wp:attachment":[{"href":"https:\/\/porto.wordcamp.org\/2013\/wp-json\/wp\/v2\/media?parent=290373"}],"wp:term":[{"taxonomy":"category","embeddable":true,"href":"https:\/\/porto.wordcamp.org\/2013\/wp-json\/wp\/v2\/categories?post=290373"},{"taxonomy":"post_tag","embeddable":true,"href":"https:\/\/porto.wordcamp.org\/2013\/wp-json\/wp\/v2\/tags?post=290373"}],"curies":[{"name":"wp","href":"https:\/\/api.w.org\/{rel}","templated":true}]}}