{"id":314328,"date":"2013-09-30T10:00:31","date_gmt":"2013-09-30T09:00:31","guid":{"rendered":"https:\/\/2013.porto.wordcamp.org\/?p=314328"},"modified":"2013-09-29T20:05:50","modified_gmt":"2013-09-29T19:05:50","slug":"quer-ser-orador-no-wordcamp-porto-2013-hoje-e-o-ultimo-dia-para-se-candidatar","status":"publish","type":"post","link":"https:\/\/porto.wordcamp.org\/2013\/quer-ser-orador-no-wordcamp-porto-2013-hoje-e-o-ultimo-dia-para-se-candidatar\/","title":{"rendered":"Quer ser orador no WordCamp Porto 2013? Hoje \u00e9 o \u00faltimo dia para se candidatar"},"content":{"rendered":"<p>Est\u00e1 hesitante em apresentar a sua proposta? N\u00e3o tem a certeza sobre qual o tema que pretende abordar. Bom, este \u00e9 o momento para afastar todas as incertezas. Pode parar de aparar as unhas com os dentes, porque o tempo est\u00e1 a esgotar-se.<\/p>\n<p><a href=\"https:\/\/2013.porto.wordcamp.org\/files\/2013\/09\/propostas.jpg\"><img loading=\"lazy\" decoding=\"async\" class=\"alignnone size-medium wp-image-314329\" alt=\"propostas\" src=\"https:\/\/2013.porto.wordcamp.org\/files\/2013\/09\/propostas-259x300.jpg\" width=\"259\" height=\"300\" srcset=\"https:\/\/porto.wordcamp.org\/2013\/files\/2013\/09\/propostas-259x300.jpg 259w, https:\/\/porto.wordcamp.org\/2013\/files\/2013\/09\/propostas.jpg 500w\" sizes=\"auto, (max-width: 259px) 100vw, 259px\" \/><\/a><\/p>\n<p>Hoje, \u00e0s 24h00, termina o prazo para <a href=\"https:\/\/2013.porto.wordcamp.org\/oradores\/\" target=\"_blank\">apresenta\u00e7\u00e3o de candidaturas<\/a> para orador a 9 de Novembro no WordCamp Porto 2013.<\/p>\n<p>Se quer juntar-se a <a href=\"https:\/\/2013.porto.wordcamp.org\/orador-confirmado-mario-peshev\/\" target=\"_blank\">Mario Peshev<\/a>, o primeiro orador confirmado, n\u00e3o perca tempo.<\/p>\n<p>&nbsp;<\/p>\n","protected":false},"excerpt":{"rendered":"<p>Est\u00e1 hesitante em apresentar a sua proposta? N\u00e3o tem a certeza sobre qual o tema que pretende abordar. Bom, este \u00e9 o momento para afastar todas as incertezas. Pode parar de aparar as unhas com os dentes, porque o tempo &hellip; <a href=\"https:\/\/porto.wordcamp.org\/2013\/quer-ser-orador-no-wordcamp-porto-2013-hoje-e-o-ultimo-dia-para-se-candidatar\/\">Continuar a ler <span class=\"screen-reader-text\">Quer ser orador no WordCamp Porto 2013? Hoje \u00e9 o \u00faltimo dia para se candidatar<\/span>  <span class=\"meta-nav\">&rarr;<\/span><\/a><\/p>\n","protected":false},"author":1034113,"featured_media":0,"comment_status":"closed","ping_status":"open","sticky":false,"template":"","format":"standard","meta":{"_crdt_document":"","jetpack_post_was_ever_published":false,"_jetpack_newsletter_access":"","_jetpack_dont_email_post_to_subs":false,"_jetpack_newsletter_tier_id":0,"_jetpack_memberships_contains_paywalled_content":false,"_jetpack_memberships_contains_paid_content":false,"footnotes":""},"categories":[324],"tags":[192402,193326],"class_list":["post-314328","post","type-post","status-publish","format-standard","hentry","category-noticias","tag-mario-peshev","tag-orador"],"jetpack_featured_media_url":"","jetpack_sharing_enabled":true,"jetpack_shortlink":"https:\/\/wp.me\/p3pPTH-1jLO","_links":{"self":[{"href":"https:\/\/porto.wordcamp.org\/2013\/wp-json\/wp\/v2\/posts\/314328","targetHints":{"allow":["GET"]}}],"collection":[{"href":"https:\/\/porto.wordcamp.org\/2013\/wp-json\/wp\/v2\/posts"}],"about":[{"href":"https:\/\/porto.wordcamp.org\/2013\/wp-json\/wp\/v2\/types\/post"}],"author":[{"embeddable":true,"href":"https:\/\/porto.wordcamp.org\/2013\/wp-json\/wp\/v2\/users\/1034113"}],"replies":[{"embeddable":true,"href":"https:\/\/porto.wordcamp.org\/2013\/wp-json\/wp\/v2\/comments?post=314328"}],"version-history":[{"count":1,"href":"https:\/\/porto.wordcamp.org\/2013\/wp-json\/wp\/v2\/posts\/314328\/revisions"}],"predecessor-version":[{"id":314330,"href":"https:\/\/porto.wordcamp.org\/2013\/wp-json\/wp\/v2\/posts\/314328\/revisions\/314330"}],"wp:attachment":[{"href":"https:\/\/porto.wordcamp.org\/2013\/wp-json\/wp\/v2\/media?parent=314328"}],"wp:term":[{"taxonomy":"category","embeddable":true,"href":"https:\/\/porto.wordcamp.org\/2013\/wp-json\/wp\/v2\/categories?post=314328"},{"taxonomy":"post_tag","embeddable":true,"href":"https:\/\/porto.wordcamp.org\/2013\/wp-json\/wp\/v2\/tags?post=314328"}],"curies":[{"name":"wp","href":"https:\/\/api.w.org\/{rel}","templated":true}]}}