{"id":344819,"date":"2013-10-07T14:44:52","date_gmt":"2013-10-07T13:44:52","guid":{"rendered":"https:\/\/2013.porto.wordcamp.org\/?p=344819"},"modified":"2013-10-07T14:44:52","modified_gmt":"2013-10-07T13:44:52","slug":"orador-confirmado-hugo-fernandes","status":"publish","type":"post","link":"https:\/\/porto.wordcamp.org\/2013\/orador-confirmado-hugo-fernandes\/","title":{"rendered":"Orador confirmado: Hugo Fernandes"},"content":{"rendered":"<p><a href=\"https:\/\/2013.porto.wordcamp.org\/files\/2013\/08\/Hugo-Fernandes.jpg\"><img loading=\"lazy\" decoding=\"async\" class=\"size-full wp-image-137305 alignleft\" alt=\"Hugo-Fernandes\" src=\"https:\/\/2013.porto.wordcamp.org\/files\/2013\/08\/Hugo-Fernandes.jpg\" width=\"200\" height=\"200\" srcset=\"https:\/\/porto.wordcamp.org\/2013\/files\/2013\/08\/Hugo-Fernandes.jpg 200w, https:\/\/porto.wordcamp.org\/2013\/files\/2013\/08\/Hugo-Fernandes-150x150.jpg 150w\" sizes=\"auto, (max-width: 200px) 100vw, 200px\" \/><\/a>Hugo Fernandes, Interactive Designer\u00a0e\u00a0Creative Technologist, promete muito para o WordCamp Porto 2013. Vejamos: na sua candidatura prop\u00f4s um &#8220;Hello Ideas 2.0&#8221;, visando dar continuidade \u00e0 apresenta\u00e7\u00e3o que fez no WordCamp Lisboa 2012.<\/p>\n<p>Mais. Pretende arriscar num &#8220;quase workshop de psicologia e criatividade&#8221;. Vai desafiar a audi\u00eancia a fazer exerc\u00edcios pr\u00e1ticos para colocar em pr\u00e1tica alguns conceitos em torno dos processos criativos.<\/p>\n<p>Afinal, \u00e9 um apaixonado pela interactividade, pela web, e gosta de juntar design e programa\u00e7\u00e3o.<\/p>\n<p>Ok, Hugo, tens a nossa aten\u00e7\u00e3o. Ah, e n\u00e3o queremos ver apenas slides, queremos uma &#8220;liga\u00e7\u00e3o \u00e0 audi\u00eancia&#8221;. O Hugo Fernandes sabe do que<a href=\"https:\/\/2013.porto.wordcamp.org\/liguem-se-a-audencia-nao-se-limitem-a-despejar-slides-aconselha-hugo-fernandes\/\" target=\"_blank\"> estamos a falar<\/a>.<\/p>\n<p><a href=\"http:\/\/imhugo.com\/\" target=\"_blank\">Hugo Fernandes<\/a> est\u00e1 confirmado como orador no WordCamp Porto 2013, juntando-se a <a href=\"https:\/\/2013.porto.wordcamp.org\/orador-confirmado-mario-peshev\/\" target=\"_blank\">Mario Peshev<\/a>.<\/p>\n","protected":false},"excerpt":{"rendered":"<p>Hugo Fernandes, Interactive Designer\u00a0e\u00a0Creative Technologist, promete muito para o WordCamp Porto 2013. Vejamos: na sua candidatura prop\u00f4s um &#8220;Hello Ideas 2.0&#8221;, visando dar continuidade \u00e0 apresenta\u00e7\u00e3o que fez no WordCamp Lisboa 2012. Mais. Pretende arriscar num &#8220;quase workshop de psicologia &hellip; <a href=\"https:\/\/porto.wordcamp.org\/2013\/orador-confirmado-hugo-fernandes\/\">Continuar a ler <span class=\"screen-reader-text\">Orador confirmado: Hugo Fernandes<\/span>  <span class=\"meta-nav\">&rarr;<\/span><\/a><\/p>\n","protected":false},"author":1034113,"featured_media":0,"comment_status":"closed","ping_status":"open","sticky":false,"template":"","format":"standard","meta":{"_crdt_document":"","jetpack_post_was_ever_published":false,"_jetpack_newsletter_access":"","_jetpack_dont_email_post_to_subs":false,"_jetpack_newsletter_tier_id":0,"_jetpack_memberships_contains_paywalled_content":false,"_jetpack_memberships_contains_paid_content":false,"footnotes":""},"categories":[324,30416],"tags":[30421],"class_list":["post-344819","post","type-post","status-publish","format-standard","hentry","category-noticias","category-oradores-2","tag-hugo-fernandes"],"jetpack_featured_media_url":"","jetpack_sharing_enabled":true,"jetpack_shortlink":"https:\/\/wp.me\/p3pPTH-1rHB","_links":{"self":[{"href":"https:\/\/porto.wordcamp.org\/2013\/wp-json\/wp\/v2\/posts\/344819","targetHints":{"allow":["GET"]}}],"collection":[{"href":"https:\/\/porto.wordcamp.org\/2013\/wp-json\/wp\/v2\/posts"}],"about":[{"href":"https:\/\/porto.wordcamp.org\/2013\/wp-json\/wp\/v2\/types\/post"}],"author":[{"embeddable":true,"href":"https:\/\/porto.wordcamp.org\/2013\/wp-json\/wp\/v2\/users\/1034113"}],"replies":[{"embeddable":true,"href":"https:\/\/porto.wordcamp.org\/2013\/wp-json\/wp\/v2\/comments?post=344819"}],"version-history":[{"count":1,"href":"https:\/\/porto.wordcamp.org\/2013\/wp-json\/wp\/v2\/posts\/344819\/revisions"}],"predecessor-version":[{"id":344985,"href":"https:\/\/porto.wordcamp.org\/2013\/wp-json\/wp\/v2\/posts\/344819\/revisions\/344985"}],"wp:attachment":[{"href":"https:\/\/porto.wordcamp.org\/2013\/wp-json\/wp\/v2\/media?parent=344819"}],"wp:term":[{"taxonomy":"category","embeddable":true,"href":"https:\/\/porto.wordcamp.org\/2013\/wp-json\/wp\/v2\/categories?post=344819"},{"taxonomy":"post_tag","embeddable":true,"href":"https:\/\/porto.wordcamp.org\/2013\/wp-json\/wp\/v2\/tags?post=344819"}],"curies":[{"name":"wp","href":"https:\/\/api.w.org\/{rel}","templated":true}]}}