{"id":348620,"date":"2013-10-08T15:00:12","date_gmt":"2013-10-08T14:00:12","guid":{"rendered":"https:\/\/2013.porto.wordcamp.org\/?p=348620"},"modified":"2013-10-08T18:19:39","modified_gmt":"2013-10-08T17:19:39","slug":"oradora-confirmada-ana-neves","status":"publish","type":"post","link":"https:\/\/porto.wordcamp.org\/2013\/oradora-confirmada-ana-neves\/","title":{"rendered":"Oradora confirmada: Ana Neves"},"content":{"rendered":"<p><a href=\"https:\/\/2013.porto.wordcamp.org\/oradora-confirmada-ana-neves\/\"><img loading=\"lazy\" decoding=\"async\" class=\"size-full wp-image-348621 alignleft\" alt=\"Ana Neves\" src=\"https:\/\/2013.porto.wordcamp.org\/files\/2013\/10\/Ana-Neves.jpg\" width=\"263\" height=\"263\" srcset=\"https:\/\/porto.wordcamp.org\/2013\/files\/2013\/10\/Ana-Neves.jpg 263w, https:\/\/porto.wordcamp.org\/2013\/files\/2013\/10\/Ana-Neves-150x150.jpg 150w\" sizes=\"auto, (max-width: 263px) 100vw, 263px\" \/><\/a>Ana Neves anda, pelas organiza\u00e7\u00f5es que a chamam, a espalhar os seus conhecimentos sobre &#8216;knowledge management&#8217;, redes sociais e ferramentas sociais.<\/p>\n<p>Para o WordCamp Porto 2013 prop\u00f5e &#8220;Destruir para construir&#8221;. Contextualizando, a ideia \u00e9 como tirar partido do WordPress para &#8220;desconstruir&#8221; grandes blocos de conte\u00fado, como relat\u00f3rios de estudos ou os &#8220;findings&#8221; de projetos, em pequenos posts que podem depois ser combinados de diferentes formas gra\u00e7as \u00e0 pesquisa, aos filtros &#8211; por categoria e tag -, e por navega\u00e7\u00e3o &#8220;casual&#8221; gra\u00e7as aos artigos relacionados.<\/p>\n<p>Ana Neves salienta que esta &#8220;constru\u00e7\u00e3o&#8221; pode estar na origem de momentos &#8220;eureka&#8221; e de constru\u00e7\u00e3o de novos conhecimentos.<\/p>\n<p>\u00c9 formada em Engenharia Inform\u00e1tica e adora programar. Vai da\u00ed, deixou a Inform\u00e1tica de lado, deixou de programar, e foi fazer outras coisas\u2026 Diz que tamb\u00e9m adora. Decidiu trabalhar com as organiza\u00e7\u00f5es para melhorar a forma como criam, partilham e usam conhecimento.<\/p>\n<p>Em 2001 criou um site sobre estes temas: <a href=\"http:\/\/kmol.online.pt\/\" target=\"_blank\">KMOL.<\/a> Depois criou uma empresa de consultoria nesta \u00e1rea, a <a href=\"http:\/\/knowman.pt\" target=\"_blank\">Knowman<\/a>. E emigrou para Londres. Durante oito anos e meio foi &#8216;Cultural Change Manager&#8217; num grande banco, &#8216;Knowledge Network Manager&#8217; no Minist\u00e9rio da Sa\u00fade brit\u00e2nico, e &#8216;Senior Consultant&#8217; na Headshift.<\/p>\n<p>Regressou a terras lusitanas em 2009 e dedica-se \u00e0 consultoria em gest\u00e3o de conhecimento, redes sociais e ferramentas sociais. Ah, e \u00e0 <a href=\"http:\/\/cidadania20.com\/\" target=\"_blank\">Cidadania 2.0<\/a>.<\/p>\n<p>E onde entra aqui o WordPress. Afirma que n\u00e3o vende, n\u00e3o respira e n\u00e3o idolatra o WordPress. Mas v\u00ea o WordPress como a ferramenta que tem dado corpo \u00e0 presen\u00e7a digital de muitos dos seus projetos.<\/p>\n<p>Ana Neves est\u00e1 confirmada no WordCamp Porto 2013, a par de <a href=\"https:\/\/2013.porto.wordcamp.org\/orador-confirmado-hugo-fernandes\/\" target=\"_blank\">Hugo Fernandes<\/a> e <a href=\"https:\/\/2013.porto.wordcamp.org\/orador-confirmado-mario-peshev\/\" target=\"_blank\">Mario Peshev<\/a>.<\/p>\n","protected":false},"excerpt":{"rendered":"<p>Ana Neves anda, pelas organiza\u00e7\u00f5es que a chamam, a espalhar os seus conhecimentos sobre &#8216;knowledge management&#8217;, redes sociais e ferramentas sociais. Para o WordCamp Porto 2013 prop\u00f5e &#8220;Destruir para construir&#8221;. Contextualizando, a ideia \u00e9 como tirar partido do WordPress para &hellip; <a href=\"https:\/\/porto.wordcamp.org\/2013\/oradora-confirmada-ana-neves\/\">Continuar a ler <span class=\"screen-reader-text\">Oradora confirmada: Ana Neves<\/span>  <span class=\"meta-nav\">&rarr;<\/span><\/a><\/p>\n","protected":false},"author":1034113,"featured_media":0,"comment_status":"closed","ping_status":"open","sticky":false,"template":"","format":"standard","meta":{"_crdt_document":"","jetpack_post_was_ever_published":false,"_jetpack_newsletter_access":"","_jetpack_dont_email_post_to_subs":false,"_jetpack_newsletter_tier_id":0,"_jetpack_memberships_contains_paywalled_content":false,"_jetpack_memberships_contains_paid_content":false,"footnotes":""},"categories":[324,30416],"tags":[195521],"class_list":["post-348620","post","type-post","status-publish","format-standard","hentry","category-noticias","category-oradores-2","tag-ana-neves"],"jetpack_featured_media_url":"","jetpack_sharing_enabled":true,"jetpack_shortlink":"https:\/\/wp.me\/p3pPTH-1sGU","_links":{"self":[{"href":"https:\/\/porto.wordcamp.org\/2013\/wp-json\/wp\/v2\/posts\/348620","targetHints":{"allow":["GET"]}}],"collection":[{"href":"https:\/\/porto.wordcamp.org\/2013\/wp-json\/wp\/v2\/posts"}],"about":[{"href":"https:\/\/porto.wordcamp.org\/2013\/wp-json\/wp\/v2\/types\/post"}],"author":[{"embeddable":true,"href":"https:\/\/porto.wordcamp.org\/2013\/wp-json\/wp\/v2\/users\/1034113"}],"replies":[{"embeddable":true,"href":"https:\/\/porto.wordcamp.org\/2013\/wp-json\/wp\/v2\/comments?post=348620"}],"version-history":[{"count":5,"href":"https:\/\/porto.wordcamp.org\/2013\/wp-json\/wp\/v2\/posts\/348620\/revisions"}],"predecessor-version":[{"id":349456,"href":"https:\/\/porto.wordcamp.org\/2013\/wp-json\/wp\/v2\/posts\/348620\/revisions\/349456"}],"wp:attachment":[{"href":"https:\/\/porto.wordcamp.org\/2013\/wp-json\/wp\/v2\/media?parent=348620"}],"wp:term":[{"taxonomy":"category","embeddable":true,"href":"https:\/\/porto.wordcamp.org\/2013\/wp-json\/wp\/v2\/categories?post=348620"},{"taxonomy":"post_tag","embeddable":true,"href":"https:\/\/porto.wordcamp.org\/2013\/wp-json\/wp\/v2\/tags?post=348620"}],"curies":[{"name":"wp","href":"https:\/\/api.w.org\/{rel}","templated":true}]}}