{"id":356397,"date":"2013-10-10T09:46:48","date_gmt":"2013-10-10T08:46:48","guid":{"rendered":"https:\/\/2013.porto.wordcamp.org\/?p=356397"},"modified":"2013-10-10T09:46:48","modified_gmt":"2013-10-10T08:46:48","slug":"oradora-confirmada-ana-aires","status":"publish","type":"post","link":"https:\/\/porto.wordcamp.org\/2013\/oradora-confirmada-ana-aires\/","title":{"rendered":"Oradora confirmada: Ana Aires"},"content":{"rendered":"<p><a href=\"https:\/\/2013.porto.wordcamp.org\/files\/2013\/10\/ana_aires.jpg\"><img loading=\"lazy\" decoding=\"async\" class=\"size-medium wp-image-356398 alignleft\" alt=\"ana_aires\" src=\"https:\/\/2013.porto.wordcamp.org\/files\/2013\/10\/ana_aires-251x300.jpg\" width=\"251\" height=\"300\" srcset=\"https:\/\/porto.wordcamp.org\/2013\/files\/2013\/10\/ana_aires-251x300.jpg 251w, https:\/\/porto.wordcamp.org\/2013\/files\/2013\/10\/ana_aires.jpg 500w\" sizes=\"auto, (max-width: 251px) 100vw, 251px\" \/><\/a>Ana Aires \u00e9 co-fundadora da <a href=\"http:\/\/widgilabs.com\" target=\"_blank\">WidgiLabs<\/a>, uma empresa portuguesa especializada em desenvolvimento WordPress. Gosta particularmente de escrever c\u00f3digo e \u00e9 apaixonada pela arquitectura modular do WordPress. Esteve envolvida na organiza\u00e7\u00e3o dos anteriores WordCamps Lisboa assim como no recente WordCamp Europa.<\/p>\n<p>N\u00e3o gosta de super her\u00f3is e acha que o mundo era um s\u00edtio melhor se n\u00e3o existissem filmes em que c\u00e3es falam. J\u00e1 sobre filmes com porquinhos a falar n\u00e3o nos disse nada mas \u00e9 prov\u00e1vel que tamb\u00e9m n\u00e3o seja f\u00e3.<\/p>\n<p>No WordCamp do Porto vai propor algo arriscado mas que podem tentar em vossa casa: \u201ccomo amar os nossos clientes (sem entrar em depress\u00e3o com os pedidos que nos fazem \u00e0s vezes e algumas atitudes que t\u00eam)\u201d. Mais: vai sugerir t\u00e9cnicas e o estado de esp\u00edrito a desenvolver para ultrapassar estes desafios. A apresenta\u00e7\u00e3o chama-se \u201cTr\u00eas h\u00e1bitos de pessoas altamente ineficazes: Os Clientes\u201d. Promete.<\/p>\n<p>Ana Aires est\u00e1 confirmada como oradora no WordCamp Porto e junta-se a uma <a href=\"https:\/\/2013.porto.wordcamp.org\/category\/oradores-2\/\" target=\"_blank\">galeria de oradores<\/a> de respeito.<\/p>\n","protected":false},"excerpt":{"rendered":"<p>Ana Aires \u00e9 co-fundadora da WidgiLabs, uma empresa portuguesa especializada em desenvolvimento WordPress. Gosta particularmente de escrever c\u00f3digo e \u00e9 apaixonada pela arquitectura modular do WordPress. Esteve envolvida na organiza\u00e7\u00e3o dos anteriores WordCamps Lisboa assim como no recente WordCamp Europa. &hellip; <a href=\"https:\/\/porto.wordcamp.org\/2013\/oradora-confirmada-ana-aires\/\">Continuar a ler <span class=\"screen-reader-text\">Oradora confirmada: Ana Aires<\/span>  <span class=\"meta-nav\">&rarr;<\/span><\/a><\/p>\n","protected":false},"author":1034113,"featured_media":0,"comment_status":"closed","ping_status":"open","sticky":false,"template":"","format":"standard","meta":{"_crdt_document":"","jetpack_post_was_ever_published":false,"_jetpack_newsletter_access":"","_jetpack_dont_email_post_to_subs":false,"_jetpack_newsletter_tier_id":0,"_jetpack_memberships_contains_paywalled_content":false,"_jetpack_memberships_contains_paid_content":false,"footnotes":""},"categories":[324,30416],"tags":[198549],"class_list":["post-356397","post","type-post","status-publish","format-standard","hentry","category-noticias","category-oradores-2","tag-ana-aires"],"jetpack_featured_media_url":"","jetpack_sharing_enabled":true,"jetpack_shortlink":"https:\/\/wp.me\/p3pPTH-1uIl","_links":{"self":[{"href":"https:\/\/porto.wordcamp.org\/2013\/wp-json\/wp\/v2\/posts\/356397","targetHints":{"allow":["GET"]}}],"collection":[{"href":"https:\/\/porto.wordcamp.org\/2013\/wp-json\/wp\/v2\/posts"}],"about":[{"href":"https:\/\/porto.wordcamp.org\/2013\/wp-json\/wp\/v2\/types\/post"}],"author":[{"embeddable":true,"href":"https:\/\/porto.wordcamp.org\/2013\/wp-json\/wp\/v2\/users\/1034113"}],"replies":[{"embeddable":true,"href":"https:\/\/porto.wordcamp.org\/2013\/wp-json\/wp\/v2\/comments?post=356397"}],"version-history":[{"count":1,"href":"https:\/\/porto.wordcamp.org\/2013\/wp-json\/wp\/v2\/posts\/356397\/revisions"}],"predecessor-version":[{"id":356399,"href":"https:\/\/porto.wordcamp.org\/2013\/wp-json\/wp\/v2\/posts\/356397\/revisions\/356399"}],"wp:attachment":[{"href":"https:\/\/porto.wordcamp.org\/2013\/wp-json\/wp\/v2\/media?parent=356397"}],"wp:term":[{"taxonomy":"category","embeddable":true,"href":"https:\/\/porto.wordcamp.org\/2013\/wp-json\/wp\/v2\/categories?post=356397"},{"taxonomy":"post_tag","embeddable":true,"href":"https:\/\/porto.wordcamp.org\/2013\/wp-json\/wp\/v2\/tags?post=356397"}],"curies":[{"name":"wp","href":"https:\/\/api.w.org\/{rel}","templated":true}]}}