{"id":372821,"date":"2013-10-14T14:30:20","date_gmt":"2013-10-14T13:30:20","guid":{"rendered":"https:\/\/2013.porto.wordcamp.org\/?p=372821"},"modified":"2013-10-14T13:27:52","modified_gmt":"2013-10-14T12:27:52","slug":"orador-confirmado-americo-dias","status":"publish","type":"post","link":"https:\/\/porto.wordcamp.org\/2013\/orador-confirmado-americo-dias\/","title":{"rendered":"Orador Confirmado: Am\u00e9rico Dias"},"content":{"rendered":"<p><a href=\"https:\/\/2013.porto.wordcamp.org\/files\/2013\/10\/Americo-Dias.jpg\"><img loading=\"lazy\" decoding=\"async\" class=\"size-medium wp-image-372822 alignleft\" alt=\"Americo Dias\" src=\"https:\/\/2013.porto.wordcamp.org\/files\/2013\/10\/Americo-Dias-200x300.jpg\" width=\"200\" height=\"300\" srcset=\"https:\/\/porto.wordcamp.org\/2013\/files\/2013\/10\/Americo-Dias-200x300.jpg 200w, https:\/\/porto.wordcamp.org\/2013\/files\/2013\/10\/Americo-Dias.jpg 640w\" sizes=\"auto, (max-width: 200px) 100vw, 200px\" \/><\/a>Am\u00e9rico Dias tem 31 anos e h\u00e1 quem diga que a Comunidade Portuguesa de WordPress come\u00e7ou com ele. Ele prefere dizer que foi &#8216;apenas&#8217; co-fundador.<\/p>\n<p>\u00c9 um apaixonado pela Internet e pelo WordPress em particular. Essa paix\u00e3o levou-o a passar muitas horas a traduzir a melhor plataforma do mundo para a nossa linguagem. E a debater-se com muitas d\u00favidas.<\/p>\n<p>No entanto, a sua maior paix\u00e3o \u00e9 a sua mulher, para al\u00e9m de tamb\u00e9m gostar de tecnologia, electr\u00f3nica e fotografia.<\/p>\n<p>Na sua apresenta\u00e7\u00e3o ir\u00e1 falar da funda\u00e7\u00e3o da Comunidade Portuguesa de WordPress, dos principais desafios iniciais e da sua evolu\u00e7\u00e3o.<\/p>\n","protected":false},"excerpt":{"rendered":"<p>Am\u00e9rico Dias tem 31 anos e h\u00e1 quem diga que a Comunidade Portuguesa de WordPress come\u00e7ou com ele. Ele prefere dizer que foi &#8216;apenas&#8217; co-fundador. \u00c9 um apaixonado pela Internet e pelo WordPress em particular. Essa paix\u00e3o levou-o a passar &hellip; <a href=\"https:\/\/porto.wordcamp.org\/2013\/orador-confirmado-americo-dias\/\">Continuar a ler <span class=\"screen-reader-text\">Orador Confirmado: Am\u00e9rico Dias<\/span>  <span class=\"meta-nav\">&rarr;<\/span><\/a><\/p>\n","protected":false},"author":1034113,"featured_media":0,"comment_status":"closed","ping_status":"open","sticky":false,"template":"","format":"standard","meta":{"_crdt_document":"","jetpack_post_was_ever_published":false,"_jetpack_newsletter_access":"","_jetpack_dont_email_post_to_subs":false,"_jetpack_newsletter_tier_id":0,"_jetpack_memberships_contains_paywalled_content":false,"_jetpack_memberships_contains_paid_content":false,"footnotes":""},"categories":[324,30416],"tags":[199906],"class_list":["post-372821","post","type-post","status-publish","format-standard","hentry","category-noticias","category-oradores-2","tag-americo-dias"],"jetpack_featured_media_url":"","jetpack_sharing_enabled":true,"jetpack_shortlink":"https:\/\/wp.me\/p3pPTH-1yZf","_links":{"self":[{"href":"https:\/\/porto.wordcamp.org\/2013\/wp-json\/wp\/v2\/posts\/372821","targetHints":{"allow":["GET"]}}],"collection":[{"href":"https:\/\/porto.wordcamp.org\/2013\/wp-json\/wp\/v2\/posts"}],"about":[{"href":"https:\/\/porto.wordcamp.org\/2013\/wp-json\/wp\/v2\/types\/post"}],"author":[{"embeddable":true,"href":"https:\/\/porto.wordcamp.org\/2013\/wp-json\/wp\/v2\/users\/1034113"}],"replies":[{"embeddable":true,"href":"https:\/\/porto.wordcamp.org\/2013\/wp-json\/wp\/v2\/comments?post=372821"}],"version-history":[{"count":1,"href":"https:\/\/porto.wordcamp.org\/2013\/wp-json\/wp\/v2\/posts\/372821\/revisions"}],"predecessor-version":[{"id":372823,"href":"https:\/\/porto.wordcamp.org\/2013\/wp-json\/wp\/v2\/posts\/372821\/revisions\/372823"}],"wp:attachment":[{"href":"https:\/\/porto.wordcamp.org\/2013\/wp-json\/wp\/v2\/media?parent=372821"}],"wp:term":[{"taxonomy":"category","embeddable":true,"href":"https:\/\/porto.wordcamp.org\/2013\/wp-json\/wp\/v2\/categories?post=372821"},{"taxonomy":"post_tag","embeddable":true,"href":"https:\/\/porto.wordcamp.org\/2013\/wp-json\/wp\/v2\/tags?post=372821"}],"curies":[{"name":"wp","href":"https:\/\/api.w.org\/{rel}","templated":true}]}}