{"id":373161,"date":"2013-10-14T15:45:15","date_gmt":"2013-10-14T14:45:15","guid":{"rendered":"https:\/\/2013.porto.wordcamp.org\/?p=373161"},"modified":"2013-10-14T15:52:24","modified_gmt":"2013-10-14T14:52:24","slug":"como-nasceu-a-comunidade-portuguesa-de-wordpress-entrevista-com-americo-dias","status":"publish","type":"post","link":"https:\/\/porto.wordcamp.org\/2013\/como-nasceu-a-comunidade-portuguesa-de-wordpress-entrevista-com-americo-dias\/","title":{"rendered":"Como nasceu a Comunidade Portuguesa de WordPress &#8211; Entrevista com Am\u00e9rico Dias"},"content":{"rendered":"<p><a href=\"https:\/\/2013.porto.wordcamp.org\/files\/2013\/10\/Americo-Dias.jpg\"><img loading=\"lazy\" decoding=\"async\" class=\"size-medium wp-image-372822 alignleft\" alt=\"Americo Dias\" src=\"https:\/\/2013.porto.wordcamp.org\/files\/2013\/10\/Americo-Dias-200x300.jpg\" width=\"200\" height=\"300\" srcset=\"https:\/\/porto.wordcamp.org\/2013\/files\/2013\/10\/Americo-Dias-200x300.jpg 200w, https:\/\/porto.wordcamp.org\/2013\/files\/2013\/10\/Americo-Dias.jpg 640w\" sizes=\"auto, (max-width: 200px) 100vw, 200px\" \/><\/a>Foi no Porto, concretamente em Vila Nova de Gaia, que nasceu a Comunidade WordPress em Portugal. Por isso, o que a comunidade vem fazer, ao entregar a organiza\u00e7\u00e3o do WordCamp ao Porto \u00e9 &#8220;devolver a comunidade ao Porto&#8221;.<\/p>\n<p>Foi desta forma &#8211; mais palavra menos palavra &#8211; que, h\u00e1 uns meses, num solarengo dia de um Inverno chuvoso, Z\u00e9 Fonta\u00ednhas convenceu um n\u00facleo de utilizadores a dar os passos decisivos para organizar o evento no Porto, depois de duas edi\u00e7\u00f5es em Lisboa.<\/p>\n<p>Lembrou os primeiros passos dados por Am\u00e9rico Dias neste processo e o desenvolvimento que a comunidade teve desde esses primeiros dias.<\/p>\n<p>A vida levou Am\u00e9rico Dias a outras tarefas e hoje segue o WordPress com aten\u00e7\u00e3o, com paix\u00e3o mas sem um envolvimento muito directo.<\/p>\n<p>Foi disso que falamos numa conversa recente. Sobre os dias que conduziram ao lan\u00e7amento desta comunidade e sobre como v\u00ea hoje esta plataforma de gest\u00e3o de conte\u00fados.<\/p>\n<p><span class=\"embed-youtube\" style=\"text-align:center; display: block;\"><iframe loading=\"lazy\" class=\"youtube-player\" width=\"640\" height=\"360\" src=\"https:\/\/www.youtube.com\/embed\/VRDx4SHObYg?version=3&#038;hl=pt-PT&#038;rel=1&#038;showsearch=0&#038;showinfo=1&#038;iv_load_policy=1&#038;fs=1&#038;autohide=2&#038;wmode=transparent\" allowfullscreen=\"true\" style=\"border:0;\" sandbox=\"allow-scripts allow-same-origin allow-popups allow-presentation allow-popups-to-escape-sandbox\"><\/iframe><\/span><\/p>\n","protected":false},"excerpt":{"rendered":"<p>Foi no Porto, concretamente em Vila Nova de Gaia, que nasceu a Comunidade WordPress em Portugal. Por isso, o que a comunidade vem fazer, ao entregar a organiza\u00e7\u00e3o do WordCamp ao Porto \u00e9 &#8220;devolver a comunidade ao Porto&#8221;. Foi desta &hellip; <a href=\"https:\/\/porto.wordcamp.org\/2013\/como-nasceu-a-comunidade-portuguesa-de-wordpress-entrevista-com-americo-dias\/\">Continuar a ler <span class=\"screen-reader-text\">Como nasceu a Comunidade Portuguesa de WordPress &#8211; Entrevista com Am\u00e9rico Dias<\/span>  <span class=\"meta-nav\">&rarr;<\/span><\/a><\/p>\n","protected":false},"author":1034113,"featured_media":0,"comment_status":"closed","ping_status":"open","sticky":false,"template":"","format":"standard","meta":{"_crdt_document":"","jetpack_post_was_ever_published":false,"_jetpack_newsletter_access":"","_jetpack_dont_email_post_to_subs":false,"_jetpack_newsletter_tier_id":0,"_jetpack_memberships_contains_paywalled_content":false,"_jetpack_memberships_contains_paid_content":false,"footnotes":""},"categories":[324],"tags":[199906,200040],"class_list":["post-373161","post","type-post","status-publish","format-standard","hentry","category-noticias","tag-americo-dias","tag-comunidade-portuguesa-de-wordpress"],"jetpack_featured_media_url":"","jetpack_sharing_enabled":true,"jetpack_shortlink":"https:\/\/wp.me\/p3pPTH-1z4J","_links":{"self":[{"href":"https:\/\/porto.wordcamp.org\/2013\/wp-json\/wp\/v2\/posts\/373161","targetHints":{"allow":["GET"]}}],"collection":[{"href":"https:\/\/porto.wordcamp.org\/2013\/wp-json\/wp\/v2\/posts"}],"about":[{"href":"https:\/\/porto.wordcamp.org\/2013\/wp-json\/wp\/v2\/types\/post"}],"author":[{"embeddable":true,"href":"https:\/\/porto.wordcamp.org\/2013\/wp-json\/wp\/v2\/users\/1034113"}],"replies":[{"embeddable":true,"href":"https:\/\/porto.wordcamp.org\/2013\/wp-json\/wp\/v2\/comments?post=373161"}],"version-history":[{"count":7,"href":"https:\/\/porto.wordcamp.org\/2013\/wp-json\/wp\/v2\/posts\/373161\/revisions"}],"predecessor-version":[{"id":373336,"href":"https:\/\/porto.wordcamp.org\/2013\/wp-json\/wp\/v2\/posts\/373161\/revisions\/373336"}],"wp:attachment":[{"href":"https:\/\/porto.wordcamp.org\/2013\/wp-json\/wp\/v2\/media?parent=373161"}],"wp:term":[{"taxonomy":"category","embeddable":true,"href":"https:\/\/porto.wordcamp.org\/2013\/wp-json\/wp\/v2\/categories?post=373161"},{"taxonomy":"post_tag","embeddable":true,"href":"https:\/\/porto.wordcamp.org\/2013\/wp-json\/wp\/v2\/tags?post=373161"}],"curies":[{"name":"wp","href":"https:\/\/api.w.org\/{rel}","templated":true}]}}