{"id":405669,"date":"2013-10-22T10:59:02","date_gmt":"2013-10-22T09:59:02","guid":{"rendered":"https:\/\/2013.porto.wordcamp.org\/?p=405669"},"modified":"2013-10-22T10:59:02","modified_gmt":"2013-10-22T09:59:02","slug":"wordcamp-porto-um-apelo-de-ze-fontainhas-no-combate-a-resignacao","status":"publish","type":"post","link":"https:\/\/porto.wordcamp.org\/2013\/wordcamp-porto-um-apelo-de-ze-fontainhas-no-combate-a-resignacao\/","title":{"rendered":"WordCamp Porto: um apelo de Z\u00e9 Fontainhas no combate \u00e0 resigna\u00e7\u00e3o"},"content":{"rendered":"<p>No rescaldo do WordPress Europa, que foi um extraordin\u00e1rio sucesso, e regressado a casa e a um pa\u00eds triste e encolhido, Z\u00e9 Fontainhas fez o que sempre faz: n\u00e3o deixou ningu\u00e9m falar por ele.<\/p>\n<p>Das teclas nasceu uma mensagem que \u00e9 o cora\u00e7\u00e3o de todo o WordPress. Esta \u00e9 uma comunidade. De pessoas. Para pessoas. Pronta para oferecer muito e para pedir pouco. O que pede \u00e9 muito simples: participar, partilhar, cooperar.<\/p>\n<p>Numa sociedade cada vez mais dominada por n\u00fameros e percentagens em que parecemos todos um simples conjunto de algarismos, o WordPress &#8211; e o WordCamp -, \u00e9 um espa\u00e7o diferente. H\u00e1 pessoas, h\u00e1 vida. Podemos estar por detr\u00e1s de um computador, em diferentes pontos do mundo, mas somos gente.<\/p>\n<p>O<a href=\"http:\/\/wp-portugal.com\/2013\/10\/22\/wordcamp-porto-2013-ti-nao-se-faz\/\" target=\"_blank\"> texto que o Z\u00e9 Fontainhas<\/a> publicou no site da Comunidade Portuguesa de WordPress \u00e9 um apelo ao combate \u00e0 resigna\u00e7\u00e3o.<\/p>\n<p>O WordCamp do Porto ser\u00e1 um espa\u00e7o de partilha, de vida, de colabora\u00e7\u00e3o, mas tamb\u00e9m um momento para dizer que n\u00e3o desistimos.<\/p>\n<p><a href=\"https:\/\/2013.porto.wordcamp.org\/files\/2013\/09\/wordcamp-porto.png\"><img loading=\"lazy\" decoding=\"async\" class=\"alignnone size-full wp-image-247377\" alt=\"wordcamp-porto\" src=\"https:\/\/2013.porto.wordcamp.org\/files\/2013\/09\/wordcamp-porto.png\" width=\"450\" height=\"285\" srcset=\"https:\/\/porto.wordcamp.org\/2013\/files\/2013\/09\/wordcamp-porto.png 450w, https:\/\/porto.wordcamp.org\/2013\/files\/2013\/09\/wordcamp-porto-300x190.png 300w\" sizes=\"auto, (max-width: 450px) 100vw, 450px\" \/><\/a><\/p>\n","protected":false},"excerpt":{"rendered":"<p>No rescaldo do WordPress Europa, que foi um extraordin\u00e1rio sucesso, e regressado a casa e a um pa\u00eds triste e encolhido, Z\u00e9 Fontainhas fez o que sempre faz: n\u00e3o deixou ningu\u00e9m falar por ele. Das teclas nasceu uma mensagem que &hellip; <a href=\"https:\/\/porto.wordcamp.org\/2013\/wordcamp-porto-um-apelo-de-ze-fontainhas-no-combate-a-resignacao\/\">Continuar a ler <span class=\"screen-reader-text\">WordCamp Porto: um apelo de Z\u00e9 Fontainhas no combate \u00e0 resigna\u00e7\u00e3o<\/span>  <span class=\"meta-nav\">&rarr;<\/span><\/a><\/p>\n","protected":false},"author":1034113,"featured_media":0,"comment_status":"closed","ping_status":"open","sticky":false,"template":"","format":"standard","meta":{"_crdt_document":"","jetpack_post_was_ever_published":false,"_jetpack_newsletter_access":"","_jetpack_dont_email_post_to_subs":false,"_jetpack_newsletter_tier_id":0,"_jetpack_memberships_contains_paywalled_content":false,"_jetpack_memberships_contains_paid_content":false,"footnotes":""},"categories":[324],"tags":[203110],"class_list":["post-405669","post","type-post","status-publish","format-standard","hentry","category-noticias","tag-ze-fontainhas"],"jetpack_featured_media_url":"","jetpack_sharing_enabled":true,"jetpack_shortlink":"https:\/\/wp.me\/p3pPTH-1Hx3","_links":{"self":[{"href":"https:\/\/porto.wordcamp.org\/2013\/wp-json\/wp\/v2\/posts\/405669","targetHints":{"allow":["GET"]}}],"collection":[{"href":"https:\/\/porto.wordcamp.org\/2013\/wp-json\/wp\/v2\/posts"}],"about":[{"href":"https:\/\/porto.wordcamp.org\/2013\/wp-json\/wp\/v2\/types\/post"}],"author":[{"embeddable":true,"href":"https:\/\/porto.wordcamp.org\/2013\/wp-json\/wp\/v2\/users\/1034113"}],"replies":[{"embeddable":true,"href":"https:\/\/porto.wordcamp.org\/2013\/wp-json\/wp\/v2\/comments?post=405669"}],"version-history":[{"count":1,"href":"https:\/\/porto.wordcamp.org\/2013\/wp-json\/wp\/v2\/posts\/405669\/revisions"}],"predecessor-version":[{"id":405843,"href":"https:\/\/porto.wordcamp.org\/2013\/wp-json\/wp\/v2\/posts\/405669\/revisions\/405843"}],"wp:attachment":[{"href":"https:\/\/porto.wordcamp.org\/2013\/wp-json\/wp\/v2\/media?parent=405669"}],"wp:term":[{"taxonomy":"category","embeddable":true,"href":"https:\/\/porto.wordcamp.org\/2013\/wp-json\/wp\/v2\/categories?post=405669"},{"taxonomy":"post_tag","embeddable":true,"href":"https:\/\/porto.wordcamp.org\/2013\/wp-json\/wp\/v2\/tags?post=405669"}],"curies":[{"name":"wp","href":"https:\/\/api.w.org\/{rel}","templated":true}]}}