{"id":410713,"date":"2013-10-23T15:00:59","date_gmt":"2013-10-23T14:00:59","guid":{"rendered":"https:\/\/2013.porto.wordcamp.org\/?p=410713"},"modified":"2013-10-23T14:19:09","modified_gmt":"2013-10-23T13:19:09","slug":"orador-confirmado-ze-fontainhas","status":"publish","type":"post","link":"https:\/\/porto.wordcamp.org\/2013\/orador-confirmado-ze-fontainhas\/","title":{"rendered":"Orador confirmado: Z\u00e9 Fontainhas"},"content":{"rendered":"<p><a href=\"https:\/\/2013.porto.wordcamp.org\/files\/2013\/10\/Ze-Fontainhas.jpeg\"><img loading=\"lazy\" decoding=\"async\" class=\"size-medium wp-image-410715 alignleft\" alt=\"Ze Fontainhas\" src=\"https:\/\/2013.porto.wordcamp.org\/files\/2013\/10\/Ze-Fontainhas-300x300.jpeg\" width=\"300\" height=\"300\" srcset=\"https:\/\/porto.wordcamp.org\/2013\/files\/2013\/10\/Ze-Fontainhas-300x300.jpeg 300w, https:\/\/porto.wordcamp.org\/2013\/files\/2013\/10\/Ze-Fontainhas-150x150.jpeg 150w, https:\/\/porto.wordcamp.org\/2013\/files\/2013\/10\/Ze-Fontainhas.jpeg 400w\" sizes=\"auto, (max-width: 300px) 100vw, 300px\" \/><\/a>O mundo da Internet e do WordPress conhece-o por Z\u00e9 Fontainhas. Nada tem a ver com a hist\u00f3rica zona do Porto que se reparte pela S\u00e9 e pelo Bonfim.<\/p>\n<p>Vive perto de Lisboa, junto \u00e0 praia. Toca <a href=\"http:\/\/filhoperdido.com\/\">bateria <\/a>nas horas vagas. Que n\u00e3o devem ser muitas. Sobretudo nos \u00faltimos meses, nos quais esteve imerso na miss\u00e3o de organizar o WordCamp Europa.<\/p>\n<p>\u00c9 um dos fundadores da Comunidade Portuguesa de WordPress e da Comunidade Brasileira WordPress. \u00c9 o <em>community lead<\/em> das <a href=\"http:\/\/wppolyglots.wordpress.com\">comunidades de tradu\u00e7\u00e3o do WordPress<\/a> para mais de 90 idiomas e <em>core developer<\/em> da plataforma <a href=\"http:\/\/glotpress.org\">GlotPress.<\/a><\/p>\n<p>Diz estar \u00e0 disposi\u00e7\u00e3o de todos para perguntas relacionadas com localiza\u00e7\u00e3o e internacionaliza\u00e7\u00e3o. Est\u00e1 ainda pronto a esclarecer d\u00favidas sobre uma certa receita de <a href=\"http:\/\/ze.fontainhas.com\/2010\/12\/23\/the-dry-martini-postulate\/\">dry martinis<\/a>.<\/p>\n<p>Z\u00e9 Fontainhas \u00e9 orador confirmado no WordCamp do Porto, onde vai, sobretudo, abordar o presente e os desafios futuro da <a href=\"http:\/\/wp-portugal.com\/\" target=\"_blank\">Comunidade Portuguesa de WordPress<\/a>.<\/p>\n","protected":false},"excerpt":{"rendered":"<p>O mundo da Internet e do WordPress conhece-o por Z\u00e9 Fontainhas. Nada tem a ver com a hist\u00f3rica zona do Porto que se reparte pela S\u00e9 e pelo Bonfim. Vive perto de Lisboa, junto \u00e0 praia. Toca bateria nas horas &hellip; <a href=\"https:\/\/porto.wordcamp.org\/2013\/orador-confirmado-ze-fontainhas\/\">Continuar a ler <span class=\"screen-reader-text\">Orador confirmado: Z\u00e9 Fontainhas<\/span>  <span class=\"meta-nav\">&rarr;<\/span><\/a><\/p>\n","protected":false},"author":1034113,"featured_media":0,"comment_status":"closed","ping_status":"open","sticky":false,"template":"","format":"standard","meta":{"_crdt_document":"","jetpack_post_was_ever_published":false,"_jetpack_newsletter_access":"","_jetpack_dont_email_post_to_subs":false,"_jetpack_newsletter_tier_id":0,"_jetpack_memberships_contains_paywalled_content":false,"_jetpack_memberships_contains_paid_content":false,"footnotes":""},"categories":[324,30416],"tags":[203110],"class_list":["post-410713","post","type-post","status-publish","format-standard","hentry","category-noticias","category-oradores-2","tag-ze-fontainhas"],"jetpack_featured_media_url":"","jetpack_sharing_enabled":true,"jetpack_shortlink":"https:\/\/wp.me\/p3pPTH-1IQp","_links":{"self":[{"href":"https:\/\/porto.wordcamp.org\/2013\/wp-json\/wp\/v2\/posts\/410713","targetHints":{"allow":["GET"]}}],"collection":[{"href":"https:\/\/porto.wordcamp.org\/2013\/wp-json\/wp\/v2\/posts"}],"about":[{"href":"https:\/\/porto.wordcamp.org\/2013\/wp-json\/wp\/v2\/types\/post"}],"author":[{"embeddable":true,"href":"https:\/\/porto.wordcamp.org\/2013\/wp-json\/wp\/v2\/users\/1034113"}],"replies":[{"embeddable":true,"href":"https:\/\/porto.wordcamp.org\/2013\/wp-json\/wp\/v2\/comments?post=410713"}],"version-history":[{"count":1,"href":"https:\/\/porto.wordcamp.org\/2013\/wp-json\/wp\/v2\/posts\/410713\/revisions"}],"predecessor-version":[{"id":410716,"href":"https:\/\/porto.wordcamp.org\/2013\/wp-json\/wp\/v2\/posts\/410713\/revisions\/410716"}],"wp:attachment":[{"href":"https:\/\/porto.wordcamp.org\/2013\/wp-json\/wp\/v2\/media?parent=410713"}],"wp:term":[{"taxonomy":"category","embeddable":true,"href":"https:\/\/porto.wordcamp.org\/2013\/wp-json\/wp\/v2\/categories?post=410713"},{"taxonomy":"post_tag","embeddable":true,"href":"https:\/\/porto.wordcamp.org\/2013\/wp-json\/wp\/v2\/tags?post=410713"}],"curies":[{"name":"wp","href":"https:\/\/api.w.org\/{rel}","templated":true}]}}