{"id":419613,"date":"2013-10-25T16:30:55","date_gmt":"2013-10-25T15:30:55","guid":{"rendered":"https:\/\/2013.porto.wordcamp.org\/?p=419613"},"modified":"2013-10-25T15:51:10","modified_gmt":"2013-10-25T14:51:10","slug":"oradora-confirmada-ana-couto","status":"publish","type":"post","link":"https:\/\/porto.wordcamp.org\/2013\/oradora-confirmada-ana-couto\/","title":{"rendered":"Oradora confirmada: Ana Couto"},"content":{"rendered":"<p><a href=\"https:\/\/2013.porto.wordcamp.org\/files\/2013\/10\/Ana-Couto.jpeg\"><img loading=\"lazy\" decoding=\"async\" class=\"size-full wp-image-419615 alignleft\" alt=\"Ana Couto\" src=\"https:\/\/2013.porto.wordcamp.org\/files\/2013\/10\/Ana-Couto.jpeg\" width=\"240\" height=\"240\" srcset=\"https:\/\/porto.wordcamp.org\/2013\/files\/2013\/10\/Ana-Couto.jpeg 240w, https:\/\/porto.wordcamp.org\/2013\/files\/2013\/10\/Ana-Couto-150x150.jpeg 150w\" sizes=\"auto, (max-width: 240px) 100vw, 240px\" \/><\/a>Ana Couto come\u00e7ou como programadora freelance em desenvolvimento de sites e aplica\u00e7\u00f5es web. Deu os primeiros passos com WordPress em 2010 e nunca mais largou.<\/p>\n<p>Este percurso levou-a a come\u00e7ar a trabalhar na OnTheGoSystems onde \u00e9 web developer.<\/p>\n<p>Sempre que consegue arranjar tempo gosta de praticar escalada desportiva e correr. Presentemente vive em Lisboa.<\/p>\n<p>No WordCamp Porto, Ana Couto vai falar sobre como desenvolver e gerir conte\u00fados multilingues em WordPress. Afinal, a aldeia est\u00e1 cada vez mais global.<\/p>\n","protected":false},"excerpt":{"rendered":"<p>Ana Couto come\u00e7ou como programadora freelance em desenvolvimento de sites e aplica\u00e7\u00f5es web. Deu os primeiros passos com WordPress em 2010 e nunca mais largou. Este percurso levou-a a come\u00e7ar a trabalhar na OnTheGoSystems onde \u00e9 web developer. Sempre que &hellip; <a href=\"https:\/\/porto.wordcamp.org\/2013\/oradora-confirmada-ana-couto\/\">Continuar a ler <span class=\"screen-reader-text\">Oradora confirmada: Ana Couto<\/span>  <span class=\"meta-nav\">&rarr;<\/span><\/a><\/p>\n","protected":false},"author":1034113,"featured_media":0,"comment_status":"closed","ping_status":"open","sticky":false,"template":"","format":"standard","meta":{"_crdt_document":"","jetpack_post_was_ever_published":false,"_jetpack_newsletter_access":"","_jetpack_dont_email_post_to_subs":false,"_jetpack_newsletter_tier_id":0,"_jetpack_memberships_contains_paywalled_content":false,"_jetpack_memberships_contains_paid_content":false,"footnotes":""},"categories":[324,30416],"tags":[171441],"class_list":["post-419613","post","type-post","status-publish","format-standard","hentry","category-noticias","category-oradores-2","tag-ana-couto"],"jetpack_featured_media_url":"","jetpack_sharing_enabled":true,"jetpack_shortlink":"https:\/\/wp.me\/p3pPTH-1L9X","_links":{"self":[{"href":"https:\/\/porto.wordcamp.org\/2013\/wp-json\/wp\/v2\/posts\/419613","targetHints":{"allow":["GET"]}}],"collection":[{"href":"https:\/\/porto.wordcamp.org\/2013\/wp-json\/wp\/v2\/posts"}],"about":[{"href":"https:\/\/porto.wordcamp.org\/2013\/wp-json\/wp\/v2\/types\/post"}],"author":[{"embeddable":true,"href":"https:\/\/porto.wordcamp.org\/2013\/wp-json\/wp\/v2\/users\/1034113"}],"replies":[{"embeddable":true,"href":"https:\/\/porto.wordcamp.org\/2013\/wp-json\/wp\/v2\/comments?post=419613"}],"version-history":[{"count":2,"href":"https:\/\/porto.wordcamp.org\/2013\/wp-json\/wp\/v2\/posts\/419613\/revisions"}],"predecessor-version":[{"id":419616,"href":"https:\/\/porto.wordcamp.org\/2013\/wp-json\/wp\/v2\/posts\/419613\/revisions\/419616"}],"wp:attachment":[{"href":"https:\/\/porto.wordcamp.org\/2013\/wp-json\/wp\/v2\/media?parent=419613"}],"wp:term":[{"taxonomy":"category","embeddable":true,"href":"https:\/\/porto.wordcamp.org\/2013\/wp-json\/wp\/v2\/categories?post=419613"},{"taxonomy":"post_tag","embeddable":true,"href":"https:\/\/porto.wordcamp.org\/2013\/wp-json\/wp\/v2\/tags?post=419613"}],"curies":[{"name":"wp","href":"https:\/\/api.w.org\/{rel}","templated":true}]}}