{"id":435237,"date":"2013-10-29T11:30:25","date_gmt":"2013-10-29T11:30:25","guid":{"rendered":"https:\/\/2013.porto.wordcamp.org\/?p=435237"},"modified":"2013-10-29T09:43:18","modified_gmt":"2013-10-29T09:43:18","slug":"orador-confirmado-pedro-fonseca","status":"publish","type":"post","link":"https:\/\/porto.wordcamp.org\/2013\/orador-confirmado-pedro-fonseca\/","title":{"rendered":"Orador confirmado: Pedro Fonseca"},"content":{"rendered":"<p><a href=\"https:\/\/2013.porto.wordcamp.org\/files\/2013\/10\/Pedro-Fonseca.png\"><img loading=\"lazy\" decoding=\"async\" class=\"size-medium wp-image-435238 alignleft\" alt=\"Pedro Fonseca\" src=\"https:\/\/2013.porto.wordcamp.org\/files\/2013\/10\/Pedro-Fonseca-300x175.png\" width=\"300\" height=\"175\" srcset=\"https:\/\/porto.wordcamp.org\/2013\/files\/2013\/10\/Pedro-Fonseca-300x175.png 300w, https:\/\/porto.wordcamp.org\/2013\/files\/2013\/10\/Pedro-Fonseca-1024x600.png 1024w, https:\/\/porto.wordcamp.org\/2013\/files\/2013\/10\/Pedro-Fonseca.png 1100w\" sizes=\"auto, (max-width: 300px) 100vw, 300px\" \/><\/a>Criou o seu primeiro espa\u00e7o usando o WordPress no final de 2006. J\u00e1 tinha experimentado outras ferramentas e plataformas de publica\u00e7\u00e3o mas quando chegou ao WordPress deu-se o &#8216;click&#8217;, uma esp\u00e9cie de amor \u00e0 primeira vista.<\/p>\n<p>Desde ent\u00e3o tem sido &#8216;aquele amigo&#8217; que ajuda a criar os sites dos amigos.<\/p>\n<p>A vida profissional andou, entretanto, por outros terrenos, ligados \u00e0 sa\u00fade e \u00e0s tecnologias para este sector vital. Sempre com o WordPress como companheiro.<\/p>\n<p>Agora vai adicionar parceiros e clientes aos amigos a quem convencia a usar este CMS. Desta forma o hobby come\u00e7ou a invadir o terreno profissional.<\/p>\n<p>Participou no Meetup WordPress do Porto, este ano, e agora no WordCamp Porto 2013 vai falar sobre o WordPress como ferramenta essencial para as PMEs. Das vantagens, das dificuldades, dos preconceitos e do processo de implementa\u00e7\u00e3o.<\/p>\n","protected":false},"excerpt":{"rendered":"<p>Criou o seu primeiro espa\u00e7o usando o WordPress no final de 2006. J\u00e1 tinha experimentado outras ferramentas e plataformas de publica\u00e7\u00e3o mas quando chegou ao WordPress deu-se o &#8216;click&#8217;, uma esp\u00e9cie de amor \u00e0 primeira vista. Desde ent\u00e3o tem sido &hellip; <a href=\"https:\/\/porto.wordcamp.org\/2013\/orador-confirmado-pedro-fonseca\/\">Continuar a ler <span class=\"screen-reader-text\">Orador confirmado: Pedro Fonseca<\/span>  <span class=\"meta-nav\">&rarr;<\/span><\/a><\/p>\n","protected":false},"author":1034113,"featured_media":0,"comment_status":"closed","ping_status":"open","sticky":false,"template":"","format":"standard","meta":{"_crdt_document":"","jetpack_post_was_ever_published":false,"_jetpack_newsletter_access":"","_jetpack_dont_email_post_to_subs":false,"_jetpack_newsletter_tier_id":0,"_jetpack_memberships_contains_paywalled_content":false,"_jetpack_memberships_contains_paid_content":false,"footnotes":""},"categories":[324,30416],"tags":[171444],"class_list":["post-435237","post","type-post","status-publish","format-standard","hentry","category-noticias","category-oradores-2","tag-pedro-fonseca"],"jetpack_featured_media_url":"","jetpack_sharing_enabled":true,"jetpack_shortlink":"https:\/\/wp.me\/p3pPTH-1PdX","_links":{"self":[{"href":"https:\/\/porto.wordcamp.org\/2013\/wp-json\/wp\/v2\/posts\/435237","targetHints":{"allow":["GET"]}}],"collection":[{"href":"https:\/\/porto.wordcamp.org\/2013\/wp-json\/wp\/v2\/posts"}],"about":[{"href":"https:\/\/porto.wordcamp.org\/2013\/wp-json\/wp\/v2\/types\/post"}],"author":[{"embeddable":true,"href":"https:\/\/porto.wordcamp.org\/2013\/wp-json\/wp\/v2\/users\/1034113"}],"replies":[{"embeddable":true,"href":"https:\/\/porto.wordcamp.org\/2013\/wp-json\/wp\/v2\/comments?post=435237"}],"version-history":[{"count":1,"href":"https:\/\/porto.wordcamp.org\/2013\/wp-json\/wp\/v2\/posts\/435237\/revisions"}],"predecessor-version":[{"id":435412,"href":"https:\/\/porto.wordcamp.org\/2013\/wp-json\/wp\/v2\/posts\/435237\/revisions\/435412"}],"wp:attachment":[{"href":"https:\/\/porto.wordcamp.org\/2013\/wp-json\/wp\/v2\/media?parent=435237"}],"wp:term":[{"taxonomy":"category","embeddable":true,"href":"https:\/\/porto.wordcamp.org\/2013\/wp-json\/wp\/v2\/categories?post=435237"},{"taxonomy":"post_tag","embeddable":true,"href":"https:\/\/porto.wordcamp.org\/2013\/wp-json\/wp\/v2\/tags?post=435237"}],"curies":[{"name":"wp","href":"https:\/\/api.w.org\/{rel}","templated":true}]}}