{"id":448974,"date":"2013-11-01T15:30:45","date_gmt":"2013-11-01T15:30:45","guid":{"rendered":"https:\/\/2013.porto.wordcamp.org\/?p=448974"},"modified":"2013-11-01T14:18:54","modified_gmt":"2013-11-01T14:18:54","slug":"wordcamp-porto-com-alinhamento-definido","status":"publish","type":"post","link":"https:\/\/porto.wordcamp.org\/2013\/wordcamp-porto-com-alinhamento-definido\/","title":{"rendered":"WordCamp Porto com alinhamento definido"},"content":{"rendered":"<p><a href=\"https:\/\/2013.porto.wordcamp.org\/files\/2013\/11\/speaker.jpg\"><img loading=\"lazy\" decoding=\"async\" class=\"alignnone size-full wp-image-448975\" alt=\"speaker\" src=\"https:\/\/2013.porto.wordcamp.org\/files\/2013\/11\/speaker.jpg\" width=\"500\" height=\"333\" srcset=\"https:\/\/porto.wordcamp.org\/2013\/files\/2013\/11\/speaker.jpg 500w, https:\/\/porto.wordcamp.org\/2013\/files\/2013\/11\/speaker-300x199.jpg 300w\" sizes=\"auto, (max-width: 500px) 100vw, 500px\" \/><\/a><\/p>\n<p>Est\u00e1 definido o alinhamento do primeiro dia do WordCamp Porto.<\/p>\n<p>Vamos ter seis apresenta\u00e7\u00f5es durante e manh\u00e3 e sete \u00e0 tarde. Ser\u00e3o 13 no total. Umas mais t\u00e9cnicas, outras menos t\u00e9cnicas mas todas elas visam a partilha de conhecimentos, a inspira\u00e7\u00e3o e a criatividade.<\/p>\n<p>9h30 &#8211; Abertura<\/p>\n<p>9h45 &#8211; Como Nasceu a Comunidade Portuguesa de WordPress<\/p>\n<p><strong>Am\u00e9rico Dias<\/strong><\/p>\n<p>10h00 &#8211; Introdu\u00e7\u00e3o ao WordPress: Estruturas de conte\u00fado e arquitectura de informa\u00e7\u00e3o<\/p>\n<p><strong>Hugo Baeta<\/strong><\/p>\n<p>10h30 -WordPress como ferramenta essencial para as PME<\/p>\n<p><strong>Pedro Fonseca<\/strong><\/p>\n<p><i>11h00 &#8211; Coffe break<\/i><\/p>\n<p>11h30 &#8211; WordPress Tapas: tasty small recipes for delightful development<\/p>\n<p><strong>Andrea Rota<\/strong><\/p>\n<p>12h00 &#8211; Tr\u00eas h\u00e1bitos de pessoas altamente ineficazes: Os clientes<\/p>\n<p><strong>Ana Aires<\/strong><\/p>\n<p>12h30 &#8211; Open Source + Portal = WordPress<\/p>\n<p><strong>Vasco Leiria<\/strong><\/p>\n<p><i>13h00 &#8211; Almo\u00e7o<\/i><\/p>\n<p>14h30 &#8211; Destruir para Construir<\/p>\n<p><strong>Ana Neves<\/strong><\/p>\n<p>15h00 &#8211; 8 Ways to Hack a WordPress Site<\/p>\n<p><strong>Daniel Kanchev<\/strong><\/p>\n<p>15h30 &#8211; Going Global \u2013 Build and Manage WordPress Multilingual Websites<\/p>\n<p><strong>Ana Couto<\/strong><\/p>\n<p>16h00 &#8211; WordPress Setup for Large Projects<\/p>\n<p><strong>Mario Peshev<\/strong><\/p>\n<p><i>16h30 &#8211; Coffe break<\/i><\/p>\n<p>17h00 &#8211; WordPress and the Ten Year Itch<\/p>\n<p><strong>Siobhan McKeown<\/strong><\/p>\n<p>17h30 &#8211; Hello Ideas 2.0<\/p>\n<p><strong>Hugo Fernandes<\/strong><\/p>\n<p>18h00 &#8211; Comunidade Portuguesa de WordPress \u2013 Desafios para o Futuro<\/p>\n<p><strong>Z\u00e9 Fonta\u00ednhas<\/strong><\/p>\n<p><em>18h30 &#8211; Fecho e foto de fam\u00edlia<\/em><\/p>\n<p>Assim sendo, contamos com grandes sess\u00f5es no dia 9, no ISEP. E contamos contigo. A prop\u00f3sito, j\u00e1 compraste o <a href=\"https:\/\/2013.porto.wordcamp.org\/bilhetes\/\" target=\"_blank\">bilhete<\/a>?<\/p>\n<p>Na noite de s\u00e1bado temos a<a title=\"Maus H\u00e1bitos \u00e9 a casa da after-party do WordCamp Porto\" href=\"https:\/\/2013.porto.wordcamp.org\/maus-habitos-e-a-casa-da-after-party-do-wordcamp-porto\/\" target=\"_blank\"> festa<\/a> e no domingo \u00e9 o <a title=\"O que \u00e9 o HackDay?\" href=\"https:\/\/2013.porto.wordcamp.org\/o-que-e-o-hackday\/\" target=\"_blank\">hackday<\/a>, n\u00e3o h\u00e1 apresenta\u00e7\u00f5es.<\/p>\n<p>&nbsp;<\/p>\n<p>&nbsp;<\/p>\n","protected":false},"excerpt":{"rendered":"<p>Est\u00e1 definido o alinhamento do primeiro dia do WordCamp Porto. Vamos ter seis apresenta\u00e7\u00f5es durante e manh\u00e3 e sete \u00e0 tarde. Ser\u00e3o 13 no total. Umas mais t\u00e9cnicas, outras menos t\u00e9cnicas mas todas elas visam a partilha de conhecimentos, a &hellip; <a href=\"https:\/\/porto.wordcamp.org\/2013\/wordcamp-porto-com-alinhamento-definido\/\">Continuar a ler <span class=\"screen-reader-text\">WordCamp Porto com alinhamento definido<\/span>  <span class=\"meta-nav\">&rarr;<\/span><\/a><\/p>\n","protected":false},"author":1034113,"featured_media":0,"comment_status":"closed","ping_status":"open","sticky":false,"template":"","format":"standard","meta":{"_crdt_document":"","jetpack_post_was_ever_published":false,"_jetpack_newsletter_access":"","_jetpack_dont_email_post_to_subs":false,"_jetpack_newsletter_tier_id":0,"_jetpack_memberships_contains_paywalled_content":false,"_jetpack_memberships_contains_paid_content":false,"footnotes":""},"categories":[324],"tags":[171454],"class_list":["post-448974","post","type-post","status-publish","format-standard","hentry","category-noticias","tag-programa"],"jetpack_featured_media_url":"","jetpack_sharing_enabled":true,"jetpack_shortlink":"https:\/\/wp.me\/p3pPTH-1SNw","_links":{"self":[{"href":"https:\/\/porto.wordcamp.org\/2013\/wp-json\/wp\/v2\/posts\/448974","targetHints":{"allow":["GET"]}}],"collection":[{"href":"https:\/\/porto.wordcamp.org\/2013\/wp-json\/wp\/v2\/posts"}],"about":[{"href":"https:\/\/porto.wordcamp.org\/2013\/wp-json\/wp\/v2\/types\/post"}],"author":[{"embeddable":true,"href":"https:\/\/porto.wordcamp.org\/2013\/wp-json\/wp\/v2\/users\/1034113"}],"replies":[{"embeddable":true,"href":"https:\/\/porto.wordcamp.org\/2013\/wp-json\/wp\/v2\/comments?post=448974"}],"version-history":[{"count":1,"href":"https:\/\/porto.wordcamp.org\/2013\/wp-json\/wp\/v2\/posts\/448974\/revisions"}],"predecessor-version":[{"id":448976,"href":"https:\/\/porto.wordcamp.org\/2013\/wp-json\/wp\/v2\/posts\/448974\/revisions\/448976"}],"wp:attachment":[{"href":"https:\/\/porto.wordcamp.org\/2013\/wp-json\/wp\/v2\/media?parent=448974"}],"wp:term":[{"taxonomy":"category","embeddable":true,"href":"https:\/\/porto.wordcamp.org\/2013\/wp-json\/wp\/v2\/categories?post=448974"},{"taxonomy":"post_tag","embeddable":true,"href":"https:\/\/porto.wordcamp.org\/2013\/wp-json\/wp\/v2\/tags?post=448974"}],"curies":[{"name":"wp","href":"https:\/\/api.w.org\/{rel}","templated":true}]}}