{"id":461631,"date":"2013-11-04T10:59:08","date_gmt":"2013-11-04T10:59:08","guid":{"rendered":"https:\/\/2013.porto.wordcamp.org\/?p=461631"},"modified":"2013-11-04T11:00:20","modified_gmt":"2013-11-04T11:00:20","slug":"conheca-os-locais-do-wordcamp-porto","status":"publish","type":"post","link":"https:\/\/porto.wordcamp.org\/2013\/conheca-os-locais-do-wordcamp-porto\/","title":{"rendered":"Conhe\u00e7a os locais do WordCamp Porto"},"content":{"rendered":"<p>O WordCamp Porto 2013 vai decorrer no <a href=\"http:\/\/www.isep.ipp.pt\/\" target=\"_blank\">ISEP<\/a>, \u00e9 sabido. Mas em que parte do ISEP, poder\u00e1 perguntar quem conhece a dimens\u00e3o desta estrutura que faz parte do Instituto Polit\u00e9cnico do Porto.<\/p>\n<p>Vamos ent\u00e3o a alguns detalhes. O primeiro dia do WordCamp tem a sua base no Edif\u00edcio E, com epicentro no Audit\u00f3rio E.<\/p>\n<p><a href=\"https:\/\/2013.porto.wordcamp.org\/files\/2013\/11\/ISEP-audit\u00f3rio.jpg\"><img loading=\"lazy\" decoding=\"async\" class=\"alignnone size-full wp-image-461632\" alt=\"ISEP audit\u00f3rio\" src=\"https:\/\/2013.porto.wordcamp.org\/files\/2013\/11\/ISEP-audit\u00f3rio.jpg\" width=\"500\" height=\"333\" srcset=\"https:\/\/porto.wordcamp.org\/2013\/files\/2013\/11\/ISEP-audit\u00f3rio.jpg 500w, https:\/\/porto.wordcamp.org\/2013\/files\/2013\/11\/ISEP-audit\u00f3rio-300x199.jpg 300w\" sizes=\"auto, (max-width: 500px) 100vw, 500px\" \/><\/a><\/p>\n<p>Tem 188 lugares, 225 metros quadrados de \u00e1rea, palco com 48 metros quadrados, rede de internet sem fios, sistema de ilumina\u00e7\u00e3o progressiva, ecr\u00e3 de grandes dimens\u00f5es, climatiza\u00e7\u00e3o e os equipamentos necess\u00e1rios para um evento como o WordCamp.<\/p>\n<p>Al\u00e9m do audit\u00f3rio, outros locais a ter em conta s\u00e3o o secretariado, para os necess\u00e1rios registos, e a sala de refei\u00e7\u00f5es, onde ser\u00e3o servidos os indispens\u00e1veis caf\u00e9s nos <a href=\"https:\/\/2013.porto.wordcamp.org\/programa\/\" target=\"_blank\">momentos de pausa<\/a>.<\/p>\n<p><a href=\"https:\/\/2013.porto.wordcamp.org\/files\/2013\/11\/Edificio-E.jpg\"><img loading=\"lazy\" decoding=\"async\" class=\"alignnone size-full wp-image-461633\" alt=\"Edificio E\" src=\"https:\/\/2013.porto.wordcamp.org\/files\/2013\/11\/Edificio-E.jpg\" width=\"500\" height=\"213\" srcset=\"https:\/\/porto.wordcamp.org\/2013\/files\/2013\/11\/Edificio-E.jpg 500w, https:\/\/porto.wordcamp.org\/2013\/files\/2013\/11\/Edificio-E-300x127.jpg 300w\" sizes=\"auto, (max-width: 500px) 100vw, 500px\" \/><\/a><\/p>\n<h2>HackDay<\/h2>\n<p>O segundo dia, o Hackday, vai decorrer na sala de eventos do ISEP, no Edif\u00edcio A. \u00c9 uma sala com 395 metros quadrados, com climatiza\u00e7\u00e3o, sistema de ilumina\u00e7\u00e3o diversificado e rede de internet sem fios. A acredita\u00e7\u00e3o ser\u00e1 feita no secretariado que se encontra \u00e0 entrada da sala.<\/p>\n<p><a href=\"https:\/\/2013.porto.wordcamp.org\/files\/2013\/11\/sala-de-eventos.jpg\"><img loading=\"lazy\" decoding=\"async\" class=\"alignnone size-full wp-image-461634\" alt=\"sala de eventos\" src=\"https:\/\/2013.porto.wordcamp.org\/files\/2013\/11\/sala-de-eventos.jpg\" width=\"306\" height=\"140\" srcset=\"https:\/\/porto.wordcamp.org\/2013\/files\/2013\/11\/sala-de-eventos.jpg 306w, https:\/\/porto.wordcamp.org\/2013\/files\/2013\/11\/sala-de-eventos-300x137.jpg 300w\" sizes=\"auto, (max-width: 306px) 100vw, 306px\" \/><\/a><\/p>\n<p><a href=\"https:\/\/2013.porto.wordcamp.org\/files\/2013\/11\/Edificio-A.jpg\"><img loading=\"lazy\" decoding=\"async\" class=\"alignnone size-medium wp-image-461635\" alt=\"Edificio A\" src=\"https:\/\/2013.porto.wordcamp.org\/files\/2013\/11\/Edificio-A-300x177.jpg\" width=\"300\" height=\"177\" srcset=\"https:\/\/porto.wordcamp.org\/2013\/files\/2013\/11\/Edificio-A-300x177.jpg 300w, https:\/\/porto.wordcamp.org\/2013\/files\/2013\/11\/Edificio-A.jpg 934w\" sizes=\"auto, (max-width: 300px) 100vw, 300px\" \/><\/a><\/p>\n","protected":false},"excerpt":{"rendered":"<p>O WordCamp Porto 2013 vai decorrer no ISEP, \u00e9 sabido. Mas em que parte do ISEP, poder\u00e1 perguntar quem conhece a dimens\u00e3o desta estrutura que faz parte do Instituto Polit\u00e9cnico do Porto. Vamos ent\u00e3o a alguns detalhes. O primeiro dia &hellip; <a href=\"https:\/\/porto.wordcamp.org\/2013\/conheca-os-locais-do-wordcamp-porto\/\">Continuar a ler <span class=\"screen-reader-text\">Conhe\u00e7a os locais do WordCamp Porto<\/span>  <span class=\"meta-nav\">&rarr;<\/span><\/a><\/p>\n","protected":false},"author":1034113,"featured_media":0,"comment_status":"closed","ping_status":"open","sticky":false,"template":"","format":"standard","meta":{"_crdt_document":"","jetpack_post_was_ever_published":false,"_jetpack_newsletter_access":"","_jetpack_dont_email_post_to_subs":false,"_jetpack_newsletter_tier_id":0,"_jetpack_memberships_contains_paywalled_content":false,"_jetpack_memberships_contains_paid_content":false,"footnotes":""},"categories":[324],"tags":[171455,171223,171456],"class_list":["post-461631","post","type-post","status-publish","format-standard","hentry","category-noticias","tag-auditorio-e","tag-isep","tag-sala-de-eventos"],"jetpack_featured_media_url":"","jetpack_sharing_enabled":true,"jetpack_shortlink":"https:\/\/wp.me\/p3pPTH-1W5F","_links":{"self":[{"href":"https:\/\/porto.wordcamp.org\/2013\/wp-json\/wp\/v2\/posts\/461631","targetHints":{"allow":["GET"]}}],"collection":[{"href":"https:\/\/porto.wordcamp.org\/2013\/wp-json\/wp\/v2\/posts"}],"about":[{"href":"https:\/\/porto.wordcamp.org\/2013\/wp-json\/wp\/v2\/types\/post"}],"author":[{"embeddable":true,"href":"https:\/\/porto.wordcamp.org\/2013\/wp-json\/wp\/v2\/users\/1034113"}],"replies":[{"embeddable":true,"href":"https:\/\/porto.wordcamp.org\/2013\/wp-json\/wp\/v2\/comments?post=461631"}],"version-history":[{"count":2,"href":"https:\/\/porto.wordcamp.org\/2013\/wp-json\/wp\/v2\/posts\/461631\/revisions"}],"predecessor-version":[{"id":461639,"href":"https:\/\/porto.wordcamp.org\/2013\/wp-json\/wp\/v2\/posts\/461631\/revisions\/461639"}],"wp:attachment":[{"href":"https:\/\/porto.wordcamp.org\/2013\/wp-json\/wp\/v2\/media?parent=461631"}],"wp:term":[{"taxonomy":"category","embeddable":true,"href":"https:\/\/porto.wordcamp.org\/2013\/wp-json\/wp\/v2\/categories?post=461631"},{"taxonomy":"post_tag","embeddable":true,"href":"https:\/\/porto.wordcamp.org\/2013\/wp-json\/wp\/v2\/tags?post=461631"}],"curies":[{"name":"wp","href":"https:\/\/api.w.org\/{rel}","templated":true}]}}