{"id":487526,"date":"2013-11-10T12:19:13","date_gmt":"2013-11-10T12:19:13","guid":{"rendered":"https:\/\/2013.porto.wordcamp.org\/?p=487526"},"modified":"2013-11-10T12:19:13","modified_gmt":"2013-11-10T12:19:13","slug":"ricardo-silva-o-nome-medio-do-participante-do-wordcamp-porto","status":"publish","type":"post","link":"https:\/\/porto.wordcamp.org\/2013\/ricardo-silva-o-nome-medio-do-participante-do-wordcamp-porto\/","title":{"rendered":"Ricardo Silva: o nome m\u00e9dio do participante do WordCamp Porto"},"content":{"rendered":"<p>Ricardo Silva. Este \u00e9 o nome que resulta da jun\u00e7\u00e3o dos nome principal e apelido dos participantes do WordCamp Porto. Numa lista muito heterog\u00e9nea de nomes e apelidos, h\u00e1 dezenas, aqueles que mais se destacam s\u00e3o Ricardo e Silva.<\/p>\n<p><a href=\"https:\/\/2013.porto.wordcamp.org\/files\/2013\/11\/nomes.png\"><img loading=\"lazy\" decoding=\"async\" class=\"alignnone size-full wp-image-487527\" alt=\"nomes\" src=\"https:\/\/2013.porto.wordcamp.org\/files\/2013\/11\/nomes.png\" width=\"523\" height=\"847\" srcset=\"https:\/\/porto.wordcamp.org\/2013\/files\/2013\/11\/nomes.png 523w, https:\/\/porto.wordcamp.org\/2013\/files\/2013\/11\/nomes-185x300.png 185w\" sizes=\"auto, (max-width: 523px) 100vw, 523px\" \/><\/a><\/p>\n","protected":false},"excerpt":{"rendered":"<p>Ricardo Silva. Este \u00e9 o nome que resulta da jun\u00e7\u00e3o dos nome principal e apelido dos participantes do WordCamp Porto. Numa lista muito heterog\u00e9nea de nomes e apelidos, h\u00e1 dezenas, aqueles que mais se destacam s\u00e3o Ricardo e Silva.<\/p>\n","protected":false},"author":1034113,"featured_media":0,"comment_status":"closed","ping_status":"open","sticky":false,"template":"","format":"standard","meta":{"_crdt_document":"","jetpack_post_was_ever_published":false,"_jetpack_newsletter_access":"","_jetpack_dont_email_post_to_subs":false,"_jetpack_newsletter_tier_id":0,"_jetpack_memberships_contains_paywalled_content":false,"_jetpack_memberships_contains_paid_content":false,"footnotes":""},"categories":[324],"tags":[171463,171462],"class_list":["post-487526","post","type-post","status-publish","format-standard","hentry","category-noticias","tag-name-cloud","tag-nomes"],"jetpack_featured_media_url":"","jetpack_sharing_enabled":true,"jetpack_shortlink":"https:\/\/wp.me\/p3pPTH-22Pk","_links":{"self":[{"href":"https:\/\/porto.wordcamp.org\/2013\/wp-json\/wp\/v2\/posts\/487526","targetHints":{"allow":["GET"]}}],"collection":[{"href":"https:\/\/porto.wordcamp.org\/2013\/wp-json\/wp\/v2\/posts"}],"about":[{"href":"https:\/\/porto.wordcamp.org\/2013\/wp-json\/wp\/v2\/types\/post"}],"author":[{"embeddable":true,"href":"https:\/\/porto.wordcamp.org\/2013\/wp-json\/wp\/v2\/users\/1034113"}],"replies":[{"embeddable":true,"href":"https:\/\/porto.wordcamp.org\/2013\/wp-json\/wp\/v2\/comments?post=487526"}],"version-history":[{"count":1,"href":"https:\/\/porto.wordcamp.org\/2013\/wp-json\/wp\/v2\/posts\/487526\/revisions"}],"predecessor-version":[{"id":487528,"href":"https:\/\/porto.wordcamp.org\/2013\/wp-json\/wp\/v2\/posts\/487526\/revisions\/487528"}],"wp:attachment":[{"href":"https:\/\/porto.wordcamp.org\/2013\/wp-json\/wp\/v2\/media?parent=487526"}],"wp:term":[{"taxonomy":"category","embeddable":true,"href":"https:\/\/porto.wordcamp.org\/2013\/wp-json\/wp\/v2\/categories?post=487526"},{"taxonomy":"post_tag","embeddable":true,"href":"https:\/\/porto.wordcamp.org\/2013\/wp-json\/wp\/v2\/tags?post=487526"}],"curies":[{"name":"wp","href":"https:\/\/api.w.org\/{rel}","templated":true}]}}