{"id":489308,"date":"2013-11-11T10:00:29","date_gmt":"2013-11-11T10:00:29","guid":{"rendered":"https:\/\/2013.porto.wordcamp.org\/?p=489308"},"modified":"2013-11-10T23:16:46","modified_gmt":"2013-11-10T23:16:46","slug":"wordcamp-porto-ja-estamos-com-saudades","status":"publish","type":"post","link":"https:\/\/porto.wordcamp.org\/2013\/wordcamp-porto-ja-estamos-com-saudades\/","title":{"rendered":"WordCamp Porto: j\u00e1 estamos com saudades"},"content":{"rendered":"<p>Admitimos. J\u00e1 estamos com saudados do WordCamp Porto 2013. O evento ainda est\u00e1 na nossa mem\u00f3ria, bem fresco. Decorreu durante dois dias fant\u00e1sticos, nas magn\u00edficas instala\u00e7\u00f5es do ISEP, com uma extraordin\u00e1ria comunidade.<\/p>\n<p>Os adjectivos s\u00e3o muitos, \u00e9 certo, mas plenamente justificados.<\/p>\n<p>Organizar um evento destes \u00e9 um processo longo. Surgem muitas d\u00favidas, problemas inesperados, momentos de incerteza mas tamb\u00e9m recebemos demonstra\u00e7\u00f5es de companheirismo, de amizade, de ajuda e coopera\u00e7\u00e3o. Mesmo de pessoas que acabamos de conhecer.<\/p>\n<p>No fim desta fase ficamos com a consci\u00eancia do dever cumprido, de termos prestado um servi\u00e7o \u00e0 comunidade, correspondido \u00e0 responsabilidade de criar um evento agrad\u00e1vel, \u00fatil, de partilha de ideias, de inspira\u00e7\u00e3o e de m\u00fatuo conhecimento.<\/p>\n<p>Um WordCamp n\u00e3o serve apenas para trocar ideias, serve para estarmos uns com os outros sem a barreira dos bits e bytes da Internet.<\/p>\n<p>\u00c0 organiza\u00e7\u00e3o chegaram os parab\u00e9ns de muitas das pessoas que estiveram presentes mas, em rigor, n\u00f3s \u00e9 que agradecemos. Agradecemos aos oradores, patrocinadores, ao ISEP, aos volunt\u00e1rios (sem o quais o WordCamp seria muito mais dif\u00edcil) e, sobretudo, aos participantes. \u00c0 comunidade WordPress.<\/p>\n<p><a href=\"https:\/\/2013.porto.wordcamp.org\/files\/2013\/11\/ALC0496.jpg\"><img loading=\"lazy\" decoding=\"async\" class=\"alignnone size-large wp-image-489486\" alt=\"_ALC0496\" src=\"https:\/\/2013.porto.wordcamp.org\/files\/2013\/11\/ALC0496-1024x687.jpg\" width=\"640\" height=\"429\" srcset=\"https:\/\/porto.wordcamp.org\/2013\/files\/2013\/11\/ALC0496-1024x687.jpg 1024w, https:\/\/porto.wordcamp.org\/2013\/files\/2013\/11\/ALC0496-300x201.jpg 300w\" sizes=\"auto, (max-width: 640px) 100vw, 640px\" \/><\/a><\/p>\n<p>O WordCamp Porto 2013 n\u00e3o termina aqui. Nos pr\u00f3ximos dias e semanas este website vai receber o rescaldo do evento. Os <a href=\"https:\/\/2013.porto.wordcamp.org\/wordcamp-2a-parte-do-1o-dia-o-video\/\" target=\"_blank\">primeiros v\u00eddeos<\/a> j\u00e1 est\u00e3o dispon\u00edveis. Outros ainda v\u00e3o chegar. Tal como algumas curiosidades, algumas fotos (o nosso agradecimento \u00e0 <a href=\"https:\/\/www.facebook.com\/RFProducoesAudiovisuais\" target=\"_blank\">RF Produ\u00e7\u00f5es Audiovisuais<\/a>) e as \u00faltimas novidades sobre o debate iniciado no HackDay sobre o futuro da <a href=\"http:\/\/wp-portugal.com\/\" target=\"_blank\">Comunidade Portuguesa de WordPress<\/a>.<\/p>\n","protected":false},"excerpt":{"rendered":"<p>Admitimos. J\u00e1 estamos com saudados do WordCamp Porto 2013. O evento ainda est\u00e1 na nossa mem\u00f3ria, bem fresco. Decorreu durante dois dias fant\u00e1sticos, nas magn\u00edficas instala\u00e7\u00f5es do ISEP, com uma extraordin\u00e1ria comunidade. Os adjectivos s\u00e3o muitos, \u00e9 certo, mas plenamente &hellip; <a href=\"https:\/\/porto.wordcamp.org\/2013\/wordcamp-porto-ja-estamos-com-saudades\/\">Continuar a ler <span class=\"screen-reader-text\">WordCamp Porto: j\u00e1 estamos com saudades<\/span>  <span class=\"meta-nav\">&rarr;<\/span><\/a><\/p>\n","protected":false},"author":1034113,"featured_media":0,"comment_status":"closed","ping_status":"open","sticky":false,"template":"","format":"standard","meta":{"_crdt_document":"","jetpack_post_was_ever_published":false,"_jetpack_newsletter_access":"","_jetpack_dont_email_post_to_subs":false,"_jetpack_newsletter_tier_id":0,"_jetpack_memberships_contains_paywalled_content":false,"_jetpack_memberships_contains_paid_content":false,"footnotes":""},"categories":[324],"tags":[171465,172037],"class_list":["post-489308","post","type-post","status-publish","format-standard","hentry","category-noticias","tag-rf-producoes-audiovisuais","tag-wordcamp-porto"],"jetpack_featured_media_url":"","jetpack_sharing_enabled":true,"jetpack_shortlink":"https:\/\/wp.me\/p3pPTH-23i4","_links":{"self":[{"href":"https:\/\/porto.wordcamp.org\/2013\/wp-json\/wp\/v2\/posts\/489308","targetHints":{"allow":["GET"]}}],"collection":[{"href":"https:\/\/porto.wordcamp.org\/2013\/wp-json\/wp\/v2\/posts"}],"about":[{"href":"https:\/\/porto.wordcamp.org\/2013\/wp-json\/wp\/v2\/types\/post"}],"author":[{"embeddable":true,"href":"https:\/\/porto.wordcamp.org\/2013\/wp-json\/wp\/v2\/users\/1034113"}],"replies":[{"embeddable":true,"href":"https:\/\/porto.wordcamp.org\/2013\/wp-json\/wp\/v2\/comments?post=489308"}],"version-history":[{"count":3,"href":"https:\/\/porto.wordcamp.org\/2013\/wp-json\/wp\/v2\/posts\/489308\/revisions"}],"predecessor-version":[{"id":489488,"href":"https:\/\/porto.wordcamp.org\/2013\/wp-json\/wp\/v2\/posts\/489308\/revisions\/489488"}],"wp:attachment":[{"href":"https:\/\/porto.wordcamp.org\/2013\/wp-json\/wp\/v2\/media?parent=489308"}],"wp:term":[{"taxonomy":"category","embeddable":true,"href":"https:\/\/porto.wordcamp.org\/2013\/wp-json\/wp\/v2\/categories?post=489308"},{"taxonomy":"post_tag","embeddable":true,"href":"https:\/\/porto.wordcamp.org\/2013\/wp-json\/wp\/v2\/tags?post=489308"}],"curies":[{"name":"wp","href":"https:\/\/api.w.org\/{rel}","templated":true}]}}