{"id":495654,"date":"2013-11-12T10:30:47","date_gmt":"2013-11-12T10:30:47","guid":{"rendered":"https:\/\/2013.porto.wordcamp.org\/?p=495654"},"modified":"2013-11-20T09:25:57","modified_gmt":"2013-11-20T09:25:57","slug":"tens-a-dizer-algo-sobre-o-wordcamp-porto-queremos-saber","status":"publish","type":"post","link":"https:\/\/porto.wordcamp.org\/2013\/tens-a-dizer-algo-sobre-o-wordcamp-porto-queremos-saber\/","title":{"rendered":"Tens a dizer algo sobre o WordCamp Porto? Queremos saber"},"content":{"rendered":"<p>Queremos conhecer as opini\u00f5es de quem connosco partilhou o WordCamp Porto. O que foi bom, menos bom, fraco, mau ou p\u00e9ssimo. Em breve enviaremos a todos aqueles que estiveram no evento um pequeno inqu\u00e9rito para saber algo mais.<\/p>\n<p><a href=\"https:\/\/2013.porto.wordcamp.org\/files\/2013\/11\/carago.jpg\"><img loading=\"lazy\" decoding=\"async\" class=\"alignnone size-full wp-image-495655\" alt=\"carago\" src=\"https:\/\/2013.porto.wordcamp.org\/files\/2013\/11\/carago.jpg\" width=\"500\" height=\"335\" srcset=\"https:\/\/porto.wordcamp.org\/2013\/files\/2013\/11\/carago.jpg 500w, https:\/\/porto.wordcamp.org\/2013\/files\/2013\/11\/carago-300x201.jpg 300w\" sizes=\"auto, (max-width: 500px) 100vw, 500px\" \/><\/a><\/p>\n<p>Para j\u00e1, pedimos algo simples: se escreveres um post no teu blogue (ou blog), p\u00e1gina do Facebook ou publicares algo na tua conta do Twitter, envia-nos o link de forma a podermos divulgar. Uma comunidade tamb\u00e9m se faz assim.<\/p>\n<p>Este \u00e9, pois, um espa\u00e7o que ir\u00e1 conhecer potenciais actualiza\u00e7\u00f5es ao longo dos pr\u00f3ximos dias.<\/p>\n<p>Eis algumas refer\u00eancias:<\/p>\n<p>Hugo Fernandes &#8211; <a href=\"http:\/\/imhugo.com\/blog\/wordcamp-porto-2013\/\" target=\"_blank\">WordCamp Porto 2013<\/a><\/p>\n<p>PT Servidor blog &#8211; <a href=\"http:\/\/blog.ptservidor.pt\/comunicados\/wordcamp-porto-2013-rescaldo\/\" target=\"_blank\">WordCamp Porto 2013 &#8211; Rescaldo<\/a><\/p>\n<p>Jos\u00e9 Marques &#8211; <a href=\"http:\/\/feedingtherobots.com\/2013\/11\/12\/wordcamp-porto\/\" target=\"_blank\">WordCamp Porto<\/a><\/p>\n<p>Andr\u00e9 Gomes &#8211; <a href=\"http:\/\/andrewgomes.net\/2013\/11\/12\/wordcamp-porto-2013\/\" target=\"_blank\">WordCamp Porto 2013<\/a><\/p>\n<p>Bind Tuning &#8211; <a href=\"http:\/\/academy.bindtuning.com\/2013wordcampporto\/\" target=\"_blank\">2013 WordCamp Porto<\/a><\/p>\n<p>WordPress Portugal &#8211; <a href=\"http:\/\/wp-portugal.com\/2013\/11\/18\/wordcamp-porto-2013-um-apanhado\/\" target=\"_blank\">WordCamp Porto 2013: um apanhado<\/a><\/p>\n<p>Vasco Leiria &#8211; <a href=\"http:\/\/vascoleiria.com\/blog\/2013\/11\/16\/nao-foi-mais-um-wordcamp\/\" target=\"_blank\">N\u00e3o foi mais um WordCamp<\/a><\/p>\n","protected":false},"excerpt":{"rendered":"<p>Queremos conhecer as opini\u00f5es de quem connosco partilhou o WordCamp Porto. O que foi bom, menos bom, fraco, mau ou p\u00e9ssimo. Em breve enviaremos a todos aqueles que estiveram no evento um pequeno inqu\u00e9rito para saber algo mais. Para j\u00e1, &hellip; <a href=\"https:\/\/porto.wordcamp.org\/2013\/tens-a-dizer-algo-sobre-o-wordcamp-porto-queremos-saber\/\">Continuar a ler <span class=\"screen-reader-text\">Tens a dizer algo sobre o WordCamp Porto? Queremos saber<\/span>  <span class=\"meta-nav\">&rarr;<\/span><\/a><\/p>\n","protected":false},"author":1034113,"featured_media":0,"comment_status":"closed","ping_status":"open","sticky":false,"template":"","format":"standard","meta":{"_crdt_document":"","jetpack_post_was_ever_published":false,"_jetpack_newsletter_access":"","_jetpack_dont_email_post_to_subs":false,"_jetpack_newsletter_tier_id":0,"_jetpack_memberships_contains_paywalled_content":false,"_jetpack_memberships_contains_paid_content":false,"footnotes":""},"categories":[324],"tags":[171468,171466,171467],"class_list":["post-495654","post","type-post","status-publish","format-standard","hentry","category-noticias","tag-balanco","tag-opinioes","tag-rescaldo"],"jetpack_featured_media_url":"","jetpack_sharing_enabled":true,"jetpack_shortlink":"https:\/\/wp.me\/p3pPTH-24Wq","_links":{"self":[{"href":"https:\/\/porto.wordcamp.org\/2013\/wp-json\/wp\/v2\/posts\/495654","targetHints":{"allow":["GET"]}}],"collection":[{"href":"https:\/\/porto.wordcamp.org\/2013\/wp-json\/wp\/v2\/posts"}],"about":[{"href":"https:\/\/porto.wordcamp.org\/2013\/wp-json\/wp\/v2\/types\/post"}],"author":[{"embeddable":true,"href":"https:\/\/porto.wordcamp.org\/2013\/wp-json\/wp\/v2\/users\/1034113"}],"replies":[{"embeddable":true,"href":"https:\/\/porto.wordcamp.org\/2013\/wp-json\/wp\/v2\/comments?post=495654"}],"version-history":[{"count":7,"href":"https:\/\/porto.wordcamp.org\/2013\/wp-json\/wp\/v2\/posts\/495654\/revisions"}],"predecessor-version":[{"id":530763,"href":"https:\/\/porto.wordcamp.org\/2013\/wp-json\/wp\/v2\/posts\/495654\/revisions\/530763"}],"wp:attachment":[{"href":"https:\/\/porto.wordcamp.org\/2013\/wp-json\/wp\/v2\/media?parent=495654"}],"wp:term":[{"taxonomy":"category","embeddable":true,"href":"https:\/\/porto.wordcamp.org\/2013\/wp-json\/wp\/v2\/categories?post=495654"},{"taxonomy":"post_tag","embeddable":true,"href":"https:\/\/porto.wordcamp.org\/2013\/wp-json\/wp\/v2\/tags?post=495654"}],"curies":[{"name":"wp","href":"https:\/\/api.w.org\/{rel}","templated":true}]}}