{"id":501150,"date":"2013-11-13T16:00:46","date_gmt":"2013-11-13T16:00:46","guid":{"rendered":"https:\/\/2013.porto.wordcamp.org\/?p=501150"},"modified":"2013-11-13T15:51:59","modified_gmt":"2013-11-13T15:51:59","slug":"porto-e-lisboa-dominaram-a-lista-de-participantes-do-wordcamp","status":"publish","type":"post","link":"https:\/\/porto.wordcamp.org\/2013\/porto-e-lisboa-dominaram-a-lista-de-participantes-do-wordcamp\/","title":{"rendered":"Porto e Lisboa dominaram a lista de participantes do WordCamp"},"content":{"rendered":"<p>Sem surpresas, Porto e \u00e1rea do Grande, e Lisboa e \u00e1rea da Grande Lisboa foram os mais representados no WordCamp Porto 2013. Entre os inscritos que compareceram no evento houve pessoas que chegaram do sul, em concreto de Portim\u00e3o, e do interior, como a Guarda.<\/p>\n<p><a href=\"https:\/\/2013.porto.wordcamp.org\/files\/2013\/11\/locais_participantes.png\"><img loading=\"lazy\" decoding=\"async\" class=\"alignnone size-full wp-image-501151\" alt=\"locais_participantes\" src=\"https:\/\/2013.porto.wordcamp.org\/files\/2013\/11\/locais_participantes.png\" width=\"500\" height=\"341\" srcset=\"https:\/\/porto.wordcamp.org\/2013\/files\/2013\/11\/locais_participantes.png 500w, https:\/\/porto.wordcamp.org\/2013\/files\/2013\/11\/locais_participantes-300x204.png 300w\" sizes=\"auto, (max-width: 500px) 100vw, 500px\" \/><\/a><\/p>\n<p>No essencial, foi uma esp\u00e9cie de representa\u00e7\u00e3o da realidade demogr\u00e1fica do pa\u00eds: inclinado para o litoral e com predomin\u00e2ncia das duas grandes cidades.<\/p>\n","protected":false},"excerpt":{"rendered":"<p>Sem surpresas, Porto e \u00e1rea do Grande, e Lisboa e \u00e1rea da Grande Lisboa foram os mais representados no WordCamp Porto 2013. Entre os inscritos que compareceram no evento houve pessoas que chegaram do sul, em concreto de Portim\u00e3o, e &hellip; <a href=\"https:\/\/porto.wordcamp.org\/2013\/porto-e-lisboa-dominaram-a-lista-de-participantes-do-wordcamp\/\">Continuar a ler <span class=\"screen-reader-text\">Porto e Lisboa dominaram a lista de participantes do WordCamp<\/span>  <span class=\"meta-nav\">&rarr;<\/span><\/a><\/p>\n","protected":false},"author":1034113,"featured_media":0,"comment_status":"closed","ping_status":"open","sticky":false,"template":"","format":"standard","meta":{"_crdt_document":"","jetpack_post_was_ever_published":false,"_jetpack_newsletter_access":"","_jetpack_dont_email_post_to_subs":false,"_jetpack_newsletter_tier_id":0,"_jetpack_memberships_contains_paywalled_content":false,"_jetpack_memberships_contains_paid_content":false,"footnotes":""},"categories":[324],"tags":[10671,171438],"class_list":["post-501150","post","type-post","status-publish","format-standard","hentry","category-noticias","tag-lisboa","tag-porto"],"jetpack_featured_media_url":"","jetpack_sharing_enabled":true,"jetpack_shortlink":"https:\/\/wp.me\/p3pPTH-26n4","_links":{"self":[{"href":"https:\/\/porto.wordcamp.org\/2013\/wp-json\/wp\/v2\/posts\/501150","targetHints":{"allow":["GET"]}}],"collection":[{"href":"https:\/\/porto.wordcamp.org\/2013\/wp-json\/wp\/v2\/posts"}],"about":[{"href":"https:\/\/porto.wordcamp.org\/2013\/wp-json\/wp\/v2\/types\/post"}],"author":[{"embeddable":true,"href":"https:\/\/porto.wordcamp.org\/2013\/wp-json\/wp\/v2\/users\/1034113"}],"replies":[{"embeddable":true,"href":"https:\/\/porto.wordcamp.org\/2013\/wp-json\/wp\/v2\/comments?post=501150"}],"version-history":[{"count":1,"href":"https:\/\/porto.wordcamp.org\/2013\/wp-json\/wp\/v2\/posts\/501150\/revisions"}],"predecessor-version":[{"id":501152,"href":"https:\/\/porto.wordcamp.org\/2013\/wp-json\/wp\/v2\/posts\/501150\/revisions\/501152"}],"wp:attachment":[{"href":"https:\/\/porto.wordcamp.org\/2013\/wp-json\/wp\/v2\/media?parent=501150"}],"wp:term":[{"taxonomy":"category","embeddable":true,"href":"https:\/\/porto.wordcamp.org\/2013\/wp-json\/wp\/v2\/categories?post=501150"},{"taxonomy":"post_tag","embeddable":true,"href":"https:\/\/porto.wordcamp.org\/2013\/wp-json\/wp\/v2\/tags?post=501150"}],"curies":[{"name":"wp","href":"https:\/\/api.w.org\/{rel}","templated":true}]}}