{"id":522060,"date":"2013-11-18T11:00:40","date_gmt":"2013-11-18T11:00:40","guid":{"rendered":"https:\/\/2013.porto.wordcamp.org\/?p=522060"},"modified":"2013-11-18T10:45:04","modified_gmt":"2013-11-18T10:45:04","slug":"local-comida-e-organizacao-com-nota-alta-no-wordcamp-porto-2013","status":"publish","type":"post","link":"https:\/\/porto.wordcamp.org\/2013\/local-comida-e-organizacao-com-nota-alta-no-wordcamp-porto-2013\/","title":{"rendered":"Local, comida e organiza\u00e7\u00e3o com nota alta no WordCamp Porto 2013"},"content":{"rendered":"<p>O local, a comida e a organiza\u00e7\u00e3o (pelo nossa parte, obrigado) foram os aspectos que os participantes do WordCamp Porto 2013 mais apreciaram. \u00c9 o que indicam os resultados do inqu\u00e9rito disponibilizado a todos os presentes no evento. Obtivemos a resposta de 88 das 140 pessoas que \u2018picaram o ponto\u2019 no encontro promovido h\u00e1 pouco mais de uma semana no ISEP.<\/p>\n<p>Ao longo dos pr\u00f3ximos dias vamos revelar os resultados de quase todas as perguntas. A quest\u00e3o relativa \u00e0 aprecia\u00e7\u00e3o das apresenta\u00e7\u00f5es realizadas ficar\u00e1 para consumo interno da organiza\u00e7\u00e3o. Vamos ainda dar conta de algumas das opini\u00f5es expressas na pergunta aberta.<\/p>\n<p><a href=\"https:\/\/2013.porto.wordcamp.org\/files\/2013\/11\/satisfacao-global.jpg\"><img loading=\"lazy\" decoding=\"async\" class=\"alignnone size-full wp-image-522061\" alt=\"satisfacao-global\" src=\"https:\/\/2013.porto.wordcamp.org\/files\/2013\/11\/satisfacao-global.jpg\" width=\"500\" height=\"271\" srcset=\"https:\/\/porto.wordcamp.org\/2013\/files\/2013\/11\/satisfacao-global.jpg 500w, https:\/\/porto.wordcamp.org\/2013\/files\/2013\/11\/satisfacao-global-300x162.jpg 300w\" sizes=\"auto, (max-width: 500px) 100vw, 500px\" \/><\/a><\/p>\n<p>Para j\u00e1, ficamos a saber que o WordCamp Porto foi o primeiro WordCamp para 61 dos 88 respondentes ao inqu\u00e9rito. Os outros 27 foram repetentes em evento do g\u00e9nero. Sim, entre a organiza\u00e7\u00e3o tamb\u00e9m houve estreantes.<\/p>\n<p>A avalia\u00e7\u00e3o global \u00e9 maioritariamente positiva, embora haja aspectos a melhorar muito na pr\u00f3xima iniciativa. A \u2018satisfa\u00e7\u00e3o global\u2019 teve maioritariamente um 4 mas um acentuado n\u00famero de 5, perante tr\u00eas notas 3 e uma nota 2. Um dado muito positivo, que faz parelha com o local. O ISEP recolheu 49 notas 5.<\/p>\n<p>O programa e os oradores registaram uma nota positiva, com o 4 a ser a nota predominante. A comida foi largamente apreciada, sendo o 5 a nota em destaque, apesar de uma nota 1 e outra 2.<\/p>\n<p>A organiza\u00e7\u00e3o foi apreciada pela esmagadora maioria dos participantes, recebendo as notas 4 e 5 de quase todos os presentes votantes, com excep\u00e7\u00e3o de um 3 e um 2.<\/p>\n<p>Os aspectos menos apreciados pelos participantes foram a after-party e o hackday. No caso da primeira, a maioria votou no 3. O hackday teve, tamb\u00e9m, na maioria um 3.<\/p>\n<p>Amanh\u00e3 contamos mais sobre os resultados.<\/p>\n<p>Obrigado a todos os que participaram.<\/p>\n","protected":false},"excerpt":{"rendered":"<p>O local, a comida e a organiza\u00e7\u00e3o (pelo nossa parte, obrigado) foram os aspectos que os participantes do WordCamp Porto 2013 mais apreciaram. \u00c9 o que indicam os resultados do inqu\u00e9rito disponibilizado a todos os presentes no evento. Obtivemos a &hellip; <a href=\"https:\/\/porto.wordcamp.org\/2013\/local-comida-e-organizacao-com-nota-alta-no-wordcamp-porto-2013\/\">Continuar a ler <span class=\"screen-reader-text\">Local, comida e organiza\u00e7\u00e3o com nota alta no WordCamp Porto 2013<\/span>  <span class=\"meta-nav\">&rarr;<\/span><\/a><\/p>\n","protected":false},"author":1034113,"featured_media":0,"comment_status":"closed","ping_status":"open","sticky":false,"template":"","format":"standard","meta":{"_crdt_document":"","jetpack_post_was_ever_published":false,"_jetpack_newsletter_access":"","_jetpack_dont_email_post_to_subs":false,"_jetpack_newsletter_tier_id":0,"_jetpack_memberships_contains_paywalled_content":false,"_jetpack_memberships_contains_paid_content":false,"footnotes":""},"categories":[324],"tags":[30464],"class_list":["post-522060","post","type-post","status-publish","format-standard","hentry","category-noticias","tag-inquerito"],"jetpack_featured_media_url":"","jetpack_sharing_enabled":true,"jetpack_shortlink":"https:\/\/wp.me\/p3pPTH-2bOk","_links":{"self":[{"href":"https:\/\/porto.wordcamp.org\/2013\/wp-json\/wp\/v2\/posts\/522060","targetHints":{"allow":["GET"]}}],"collection":[{"href":"https:\/\/porto.wordcamp.org\/2013\/wp-json\/wp\/v2\/posts"}],"about":[{"href":"https:\/\/porto.wordcamp.org\/2013\/wp-json\/wp\/v2\/types\/post"}],"author":[{"embeddable":true,"href":"https:\/\/porto.wordcamp.org\/2013\/wp-json\/wp\/v2\/users\/1034113"}],"replies":[{"embeddable":true,"href":"https:\/\/porto.wordcamp.org\/2013\/wp-json\/wp\/v2\/comments?post=522060"}],"version-history":[{"count":1,"href":"https:\/\/porto.wordcamp.org\/2013\/wp-json\/wp\/v2\/posts\/522060\/revisions"}],"predecessor-version":[{"id":522062,"href":"https:\/\/porto.wordcamp.org\/2013\/wp-json\/wp\/v2\/posts\/522060\/revisions\/522062"}],"wp:attachment":[{"href":"https:\/\/porto.wordcamp.org\/2013\/wp-json\/wp\/v2\/media?parent=522060"}],"wp:term":[{"taxonomy":"category","embeddable":true,"href":"https:\/\/porto.wordcamp.org\/2013\/wp-json\/wp\/v2\/categories?post=522060"},{"taxonomy":"post_tag","embeddable":true,"href":"https:\/\/porto.wordcamp.org\/2013\/wp-json\/wp\/v2\/tags?post=522060"}],"curies":[{"name":"wp","href":"https:\/\/api.w.org\/{rel}","templated":true}]}}