{"id":540007,"date":"2013-11-22T11:59:34","date_gmt":"2013-11-22T11:59:34","guid":{"rendered":"https:\/\/2013.porto.wordcamp.org\/?p=540007"},"modified":"2013-11-22T11:59:34","modified_gmt":"2013-11-22T11:59:34","slug":"hello-ideas-2-0-por-hugo-fernandes-video","status":"publish","type":"post","link":"https:\/\/porto.wordcamp.org\/2013\/hello-ideas-2-0-por-hugo-fernandes-video\/","title":{"rendered":"Hello Ideas 2.0, por Hugo Fernandes (v\u00eddeo)"},"content":{"rendered":"<p>&#8220;Hello Ideas 2.0&#8221; foi a apresenta\u00e7\u00e3o de <a href=\"https:\/\/2013.porto.wordcamp.org\/oradores-confirmados\/#wcorg-speaker-hugo-fernandes\">Hugo Fernandes<\/a> no WordCamp 2013.<\/p>\n<p><a href=\"https:\/\/2013.porto.wordcamp.org\/files\/2013\/11\/Hugo_Fernandes.jpg\"><img loading=\"lazy\" decoding=\"async\" class=\"alignnone size-full wp-image-540008\" alt=\"Hugo_Fernandes\" src=\"https:\/\/2013.porto.wordcamp.org\/files\/2013\/11\/Hugo_Fernandes.jpg\" width=\"500\" height=\"335\" srcset=\"https:\/\/porto.wordcamp.org\/2013\/files\/2013\/11\/Hugo_Fernandes.jpg 500w, https:\/\/porto.wordcamp.org\/2013\/files\/2013\/11\/Hugo_Fernandes-300x201.jpg 300w\" sizes=\"auto, (max-width: 500px) 100vw, 500px\" \/><\/a><\/p>\n<p>Eis o v\u00eddeo:<\/p>\n<p><span class=\"embed-youtube\" style=\"text-align:center; display: block;\"><iframe loading=\"lazy\" class=\"youtube-player\" width=\"640\" height=\"360\" src=\"https:\/\/www.youtube.com\/embed\/buS3JjaH1V0?version=3&#038;rel=1&#038;showsearch=0&#038;showinfo=1&#038;iv_load_policy=1&#038;fs=1&#038;hl=pt-PT&#038;autohide=2&#038;wmode=transparent\" allowfullscreen=\"true\" style=\"border:0;\" sandbox=\"allow-scripts allow-same-origin allow-popups allow-presentation allow-popups-to-escape-sandbox\"><\/iframe><\/span><\/p>\n<p>Twitter: <s>@<\/s>imhugo<\/p>\n","protected":false},"excerpt":{"rendered":"<p>&#8220;Hello Ideas 2.0&#8221; foi a apresenta\u00e7\u00e3o de Hugo Fernandes no WordCamp 2013. Eis o v\u00eddeo: Twitter: @imhugo<\/p>\n","protected":false},"author":1034113,"featured_media":0,"comment_status":"closed","ping_status":"open","sticky":false,"template":"","format":"standard","meta":{"_crdt_document":"","jetpack_post_was_ever_published":false,"_jetpack_newsletter_access":"","_jetpack_dont_email_post_to_subs":false,"_jetpack_newsletter_tier_id":0,"_jetpack_memberships_contains_paywalled_content":false,"_jetpack_memberships_contains_paid_content":false,"footnotes":""},"categories":[324,30416],"tags":[171476,30421],"class_list":["post-540007","post","type-post","status-publish","format-standard","hentry","category-noticias","category-oradores-2","tag-hello-ideas-2-0","tag-hugo-fernandes"],"jetpack_featured_media_url":"","jetpack_sharing_enabled":true,"jetpack_shortlink":"https:\/\/wp.me\/p3pPTH-2gtN","_links":{"self":[{"href":"https:\/\/porto.wordcamp.org\/2013\/wp-json\/wp\/v2\/posts\/540007","targetHints":{"allow":["GET"]}}],"collection":[{"href":"https:\/\/porto.wordcamp.org\/2013\/wp-json\/wp\/v2\/posts"}],"about":[{"href":"https:\/\/porto.wordcamp.org\/2013\/wp-json\/wp\/v2\/types\/post"}],"author":[{"embeddable":true,"href":"https:\/\/porto.wordcamp.org\/2013\/wp-json\/wp\/v2\/users\/1034113"}],"replies":[{"embeddable":true,"href":"https:\/\/porto.wordcamp.org\/2013\/wp-json\/wp\/v2\/comments?post=540007"}],"version-history":[{"count":1,"href":"https:\/\/porto.wordcamp.org\/2013\/wp-json\/wp\/v2\/posts\/540007\/revisions"}],"predecessor-version":[{"id":540009,"href":"https:\/\/porto.wordcamp.org\/2013\/wp-json\/wp\/v2\/posts\/540007\/revisions\/540009"}],"wp:attachment":[{"href":"https:\/\/porto.wordcamp.org\/2013\/wp-json\/wp\/v2\/media?parent=540007"}],"wp:term":[{"taxonomy":"category","embeddable":true,"href":"https:\/\/porto.wordcamp.org\/2013\/wp-json\/wp\/v2\/categories?post=540007"},{"taxonomy":"post_tag","embeddable":true,"href":"https:\/\/porto.wordcamp.org\/2013\/wp-json\/wp\/v2\/tags?post=540007"}],"curies":[{"name":"wp","href":"https:\/\/api.w.org\/{rel}","templated":true}]}}