{"id":553223,"date":"2013-11-25T11:23:51","date_gmt":"2013-11-25T11:23:51","guid":{"rendered":"https:\/\/2013.porto.wordcamp.org\/?p=553223"},"modified":"2013-11-25T11:23:51","modified_gmt":"2013-11-25T11:23:51","slug":"wordpress-and-the-ten-year-itch-por-siobhan-mckeown-video","status":"publish","type":"post","link":"https:\/\/porto.wordcamp.org\/2013\/wordpress-and-the-ten-year-itch-por-siobhan-mckeown-video\/","title":{"rendered":"WordPress and the Ten Year Itch, por Siobhan McKeown (v\u00eddeo)"},"content":{"rendered":"<p>WordPress and the Ten Year Itch foi a apresenta\u00e7\u00e3o de <a href=\"https:\/\/2013.porto.wordcamp.org\/oradores-confirmados\/#wcorg-speaker-siobhan-mckeown\">Siobhan McKeown <\/a>no WordCamp Porto 2013.<\/p>\n<p><a href=\"https:\/\/2013.porto.wordcamp.org\/files\/2013\/11\/Siobhan.jpg\"><img loading=\"lazy\" decoding=\"async\" class=\"alignnone size-full wp-image-553224\" alt=\"Siobhan\" src=\"https:\/\/2013.porto.wordcamp.org\/files\/2013\/11\/Siobhan.jpg\" width=\"500\" height=\"335\" srcset=\"https:\/\/porto.wordcamp.org\/2013\/files\/2013\/11\/Siobhan.jpg 500w, https:\/\/porto.wordcamp.org\/2013\/files\/2013\/11\/Siobhan-300x201.jpg 300w\" sizes=\"auto, (max-width: 500px) 100vw, 500px\" \/><\/a><\/p>\n<p>Eis o v\u00eddeo:<\/p>\n<p><span class=\"embed-youtube\" style=\"text-align:center; display: block;\"><iframe loading=\"lazy\" class=\"youtube-player\" width=\"640\" height=\"360\" src=\"https:\/\/www.youtube.com\/embed\/3bndU561rC8?version=3&#038;rel=1&#038;showsearch=0&#038;showinfo=1&#038;iv_load_policy=1&#038;fs=1&#038;hl=pt-PT&#038;autohide=2&#038;wmode=transparent\" allowfullscreen=\"true\" style=\"border:0;\" sandbox=\"allow-scripts allow-same-origin allow-popups allow-presentation allow-popups-to-escape-sandbox\"><\/iframe><\/span><\/p>\n<p>Twitter: <s>@<\/s>SiobhanPMcKeown<\/p>\n<p>Slides: <a href=\"https:\/\/speakerdeck.com\/smckeown\/wordpress-and-the-ten-year-itch\">https:\/\/speakerdeck.com\/smckeown\/wordpress-and-the-ten-year-itch<\/a><\/p>\n","protected":false},"excerpt":{"rendered":"<p>WordPress and the Ten Year Itch foi a apresenta\u00e7\u00e3o de Siobhan McKeown no WordCamp Porto 2013. Eis o v\u00eddeo: Twitter: @SiobhanPMcKeown Slides: https:\/\/speakerdeck.com\/smckeown\/wordpress-and-the-ten-year-itch<\/p>\n","protected":false},"author":1034113,"featured_media":0,"comment_status":"closed","ping_status":"open","sticky":false,"template":"","format":"standard","meta":{"_crdt_document":"","jetpack_post_was_ever_published":false,"_jetpack_newsletter_access":"","_jetpack_dont_email_post_to_subs":false,"_jetpack_newsletter_tier_id":0,"_jetpack_memberships_contains_paywalled_content":false,"_jetpack_memberships_contains_paid_content":false,"footnotes":""},"categories":[324,30416],"tags":[196169,171477],"class_list":["post-553223","post","type-post","status-publish","format-standard","hentry","category-noticias","category-oradores-2","tag-siobhan-mckeown","tag-wordpress-and-the-ten-year-itch"],"jetpack_featured_media_url":"","jetpack_sharing_enabled":true,"jetpack_shortlink":"https:\/\/wp.me\/p3pPTH-2jUX","_links":{"self":[{"href":"https:\/\/porto.wordcamp.org\/2013\/wp-json\/wp\/v2\/posts\/553223","targetHints":{"allow":["GET"]}}],"collection":[{"href":"https:\/\/porto.wordcamp.org\/2013\/wp-json\/wp\/v2\/posts"}],"about":[{"href":"https:\/\/porto.wordcamp.org\/2013\/wp-json\/wp\/v2\/types\/post"}],"author":[{"embeddable":true,"href":"https:\/\/porto.wordcamp.org\/2013\/wp-json\/wp\/v2\/users\/1034113"}],"replies":[{"embeddable":true,"href":"https:\/\/porto.wordcamp.org\/2013\/wp-json\/wp\/v2\/comments?post=553223"}],"version-history":[{"count":1,"href":"https:\/\/porto.wordcamp.org\/2013\/wp-json\/wp\/v2\/posts\/553223\/revisions"}],"predecessor-version":[{"id":553225,"href":"https:\/\/porto.wordcamp.org\/2013\/wp-json\/wp\/v2\/posts\/553223\/revisions\/553225"}],"wp:attachment":[{"href":"https:\/\/porto.wordcamp.org\/2013\/wp-json\/wp\/v2\/media?parent=553223"}],"wp:term":[{"taxonomy":"category","embeddable":true,"href":"https:\/\/porto.wordcamp.org\/2013\/wp-json\/wp\/v2\/categories?post=553223"},{"taxonomy":"post_tag","embeddable":true,"href":"https:\/\/porto.wordcamp.org\/2013\/wp-json\/wp\/v2\/tags?post=553223"}],"curies":[{"name":"wp","href":"https:\/\/api.w.org\/{rel}","templated":true}]}}