{"id":561737,"date":"2013-11-27T10:38:18","date_gmt":"2013-11-27T10:38:18","guid":{"rendered":"https:\/\/2013.porto.wordcamp.org\/?p=561737"},"modified":"2013-11-27T10:56:46","modified_gmt":"2013-11-27T10:56:46","slug":"going-global-build-and-manage-wordpress-multilingual-websites-por-ana-couto","status":"publish","type":"post","link":"https:\/\/porto.wordcamp.org\/2013\/going-global-build-and-manage-wordpress-multilingual-websites-por-ana-couto\/","title":{"rendered":"Going Global \u2013 Build and Manage WordPress Multilingual Websites, por Ana Couto (v\u00eddeo)"},"content":{"rendered":"<p>&#8220;Going Global \u2013 Build and Manage WordPress Multilingual Websites&#8221; foi o tema da apresenta\u00e7\u00e3o de <a href=\"https:\/\/2013.porto.wordcamp.org\/oradores-confirmados\/#wcorg-speaker-ana-couto\">Ana Couto <\/a>no WordCamp Porto 2013.<\/p>\n<p><a href=\"https:\/\/2013.porto.wordcamp.org\/files\/2013\/11\/Ana-Couto.jpg\"><img loading=\"lazy\" decoding=\"async\" class=\"alignnone size-full wp-image-561738\" alt=\"Ana Couto\" src=\"https:\/\/2013.porto.wordcamp.org\/files\/2013\/11\/Ana-Couto.jpg\" width=\"500\" height=\"335\" srcset=\"https:\/\/porto.wordcamp.org\/2013\/files\/2013\/11\/Ana-Couto.jpg 500w, https:\/\/porto.wordcamp.org\/2013\/files\/2013\/11\/Ana-Couto-300x201.jpg 300w\" sizes=\"auto, (max-width: 500px) 100vw, 500px\" \/><\/a><\/p>\n<p>Eis o v\u00eddeo:<\/p>\n<p><span class=\"embed-youtube\" style=\"text-align:center; display: block;\"><iframe loading=\"lazy\" class=\"youtube-player\" width=\"640\" height=\"360\" src=\"https:\/\/www.youtube.com\/embed\/YOtMolj6wg8?version=3&#038;rel=1&#038;showsearch=0&#038;showinfo=1&#038;iv_load_policy=1&#038;fs=1&#038;hl=pt-PT&#038;autohide=2&#038;wmode=transparent\" allowfullscreen=\"true\" style=\"border:0;\" sandbox=\"allow-scripts allow-same-origin allow-popups allow-presentation allow-popups-to-escape-sandbox\"><\/iframe><\/span><\/p>\n<p>Twitter: @anac_code<br \/>\nemail: ana.c (at) icanlocalize.com<\/p>\n","protected":false},"excerpt":{"rendered":"<p>&#8220;Going Global \u2013 Build and Manage WordPress Multilingual Websites&#8221; foi o tema da apresenta\u00e7\u00e3o de Ana Couto no WordCamp Porto 2013. Eis o v\u00eddeo: Twitter: @anac_code email: ana.c (at) icanlocalize.com<\/p>\n","protected":false},"author":1034113,"featured_media":0,"comment_status":"closed","ping_status":"open","sticky":false,"template":"","format":"standard","meta":{"_crdt_document":"","jetpack_post_was_ever_published":false,"_jetpack_newsletter_access":"","_jetpack_dont_email_post_to_subs":false,"_jetpack_newsletter_tier_id":0,"_jetpack_memberships_contains_paywalled_content":false,"_jetpack_memberships_contains_paid_content":false,"footnotes":""},"categories":[324,30416],"tags":[171441,171479],"class_list":["post-561737","post","type-post","status-publish","format-standard","hentry","category-noticias","category-oradores-2","tag-ana-couto","tag-going-global-build-and-manage-wordpress-multilingual-websites"],"jetpack_featured_media_url":"","jetpack_sharing_enabled":true,"jetpack_shortlink":"https:\/\/wp.me\/p3pPTH-2m8h","_links":{"self":[{"href":"https:\/\/porto.wordcamp.org\/2013\/wp-json\/wp\/v2\/posts\/561737","targetHints":{"allow":["GET"]}}],"collection":[{"href":"https:\/\/porto.wordcamp.org\/2013\/wp-json\/wp\/v2\/posts"}],"about":[{"href":"https:\/\/porto.wordcamp.org\/2013\/wp-json\/wp\/v2\/types\/post"}],"author":[{"embeddable":true,"href":"https:\/\/porto.wordcamp.org\/2013\/wp-json\/wp\/v2\/users\/1034113"}],"replies":[{"embeddable":true,"href":"https:\/\/porto.wordcamp.org\/2013\/wp-json\/wp\/v2\/comments?post=561737"}],"version-history":[{"count":2,"href":"https:\/\/porto.wordcamp.org\/2013\/wp-json\/wp\/v2\/posts\/561737\/revisions"}],"predecessor-version":[{"id":561922,"href":"https:\/\/porto.wordcamp.org\/2013\/wp-json\/wp\/v2\/posts\/561737\/revisions\/561922"}],"wp:attachment":[{"href":"https:\/\/porto.wordcamp.org\/2013\/wp-json\/wp\/v2\/media?parent=561737"}],"wp:term":[{"taxonomy":"category","embeddable":true,"href":"https:\/\/porto.wordcamp.org\/2013\/wp-json\/wp\/v2\/categories?post=561737"},{"taxonomy":"post_tag","embeddable":true,"href":"https:\/\/porto.wordcamp.org\/2013\/wp-json\/wp\/v2\/tags?post=561737"}],"curies":[{"name":"wp","href":"https:\/\/api.w.org\/{rel}","templated":true}]}}