{"id":566090,"date":"2013-11-28T10:20:00","date_gmt":"2013-11-28T10:20:00","guid":{"rendered":"https:\/\/2013.porto.wordcamp.org\/?p=566090"},"modified":"2013-11-28T10:20:00","modified_gmt":"2013-11-28T10:20:00","slug":"introducao-ao-wordpress-estruturas-de-conteudo-e-arquitectura-de-informacao-por-hugo-baeta-video","status":"publish","type":"post","link":"https:\/\/porto.wordcamp.org\/2013\/introducao-ao-wordpress-estruturas-de-conteudo-e-arquitectura-de-informacao-por-hugo-baeta-video\/","title":{"rendered":"Introdu\u00e7\u00e3o ao WordPress: Estruturas de conte\u00fado e arquitectura de informa\u00e7\u00e3o, por Hugo Baeta (v\u00eddeo)"},"content":{"rendered":"<p>&#8220;Introdu\u00e7\u00e3o ao WordPress: Estruturas de conte\u00fado e arquitectura de informa\u00e7\u00e3o&#8221; foi o tema da apresenta\u00e7\u00e3o de <a href=\"https:\/\/2013.porto.wordcamp.org\/oradores-confirmados\/#wcorg-speaker-hugo-baeta\">Hugo Baeta<\/a> no WordCamp Porto 2013.<\/p>\n<p><a href=\"https:\/\/2013.porto.wordcamp.org\/files\/2013\/11\/Hugo-Baeta.jpg\"><img loading=\"lazy\" decoding=\"async\" class=\"alignnone size-full wp-image-566092\" alt=\"Hugo Baeta\" src=\"https:\/\/2013.porto.wordcamp.org\/files\/2013\/11\/Hugo-Baeta.jpg\" width=\"500\" height=\"335\" srcset=\"https:\/\/porto.wordcamp.org\/2013\/files\/2013\/11\/Hugo-Baeta.jpg 500w, https:\/\/porto.wordcamp.org\/2013\/files\/2013\/11\/Hugo-Baeta-300x201.jpg 300w\" sizes=\"auto, (max-width: 500px) 100vw, 500px\" \/><\/a><\/p>\n<p>Eis o v\u00eddeo:<\/p>\n<p><span class=\"embed-youtube\" style=\"text-align:center; display: block;\"><iframe loading=\"lazy\" class=\"youtube-player\" width=\"640\" height=\"360\" src=\"https:\/\/www.youtube.com\/embed\/aBbnXYc-Dmo?version=3&#038;rel=1&#038;showsearch=0&#038;showinfo=1&#038;iv_load_policy=1&#038;fs=1&#038;hl=pt-PT&#038;autohide=2&#038;wmode=transparent\" allowfullscreen=\"true\" style=\"border:0;\" sandbox=\"allow-scripts allow-same-origin allow-popups allow-presentation allow-popups-to-escape-sandbox\"><\/iframe><\/span><\/p>\n<p>Slides: <a href=\"https:\/\/2013.porto.wordcamp.org\/files\/2013\/11\/wcprt-conteudo.pdf\">wcprt-conteudo<\/a> (.pdf)<\/p>\n<p>Twitter: @hugobaeta<\/p>\n","protected":false},"excerpt":{"rendered":"<p>&#8220;Introdu\u00e7\u00e3o ao WordPress: Estruturas de conte\u00fado e arquitectura de informa\u00e7\u00e3o&#8221; foi o tema da apresenta\u00e7\u00e3o de Hugo Baeta no WordCamp Porto 2013. Eis o v\u00eddeo: Slides: wcprt-conteudo (.pdf) Twitter: @hugobaeta<\/p>\n","protected":false},"author":1034113,"featured_media":0,"comment_status":"closed","ping_status":"open","sticky":false,"template":"","format":"standard","meta":{"_crdt_document":"","jetpack_post_was_ever_published":false,"_jetpack_newsletter_access":"","_jetpack_dont_email_post_to_subs":false,"_jetpack_newsletter_tier_id":0,"_jetpack_memberships_contains_paywalled_content":false,"_jetpack_memberships_contains_paid_content":false,"footnotes":""},"categories":[324,30416],"tags":[201220,171480],"class_list":["post-566090","post","type-post","status-publish","format-standard","hentry","category-noticias","category-oradores-2","tag-hugo-baeta","tag-introducao-ao-wordpress-estruturas-de-conteudo-e-arquitectura-de-informacao"],"jetpack_featured_media_url":"","jetpack_sharing_enabled":true,"jetpack_shortlink":"https:\/\/wp.me\/p3pPTH-2ngu","_links":{"self":[{"href":"https:\/\/porto.wordcamp.org\/2013\/wp-json\/wp\/v2\/posts\/566090","targetHints":{"allow":["GET"]}}],"collection":[{"href":"https:\/\/porto.wordcamp.org\/2013\/wp-json\/wp\/v2\/posts"}],"about":[{"href":"https:\/\/porto.wordcamp.org\/2013\/wp-json\/wp\/v2\/types\/post"}],"author":[{"embeddable":true,"href":"https:\/\/porto.wordcamp.org\/2013\/wp-json\/wp\/v2\/users\/1034113"}],"replies":[{"embeddable":true,"href":"https:\/\/porto.wordcamp.org\/2013\/wp-json\/wp\/v2\/comments?post=566090"}],"version-history":[{"count":2,"href":"https:\/\/porto.wordcamp.org\/2013\/wp-json\/wp\/v2\/posts\/566090\/revisions"}],"predecessor-version":[{"id":566094,"href":"https:\/\/porto.wordcamp.org\/2013\/wp-json\/wp\/v2\/posts\/566090\/revisions\/566094"}],"wp:attachment":[{"href":"https:\/\/porto.wordcamp.org\/2013\/wp-json\/wp\/v2\/media?parent=566090"}],"wp:term":[{"taxonomy":"category","embeddable":true,"href":"https:\/\/porto.wordcamp.org\/2013\/wp-json\/wp\/v2\/categories?post=566090"},{"taxonomy":"post_tag","embeddable":true,"href":"https:\/\/porto.wordcamp.org\/2013\/wp-json\/wp\/v2\/tags?post=566090"}],"curies":[{"name":"wp","href":"https:\/\/api.w.org\/{rel}","templated":true}]}}