{"id":571349,"date":"2013-11-29T15:30:53","date_gmt":"2013-11-29T15:30:53","guid":{"rendered":"https:\/\/2013.porto.wordcamp.org\/?p=571349"},"modified":"2013-11-29T14:54:03","modified_gmt":"2013-11-29T14:54:03","slug":"vais-ao-proximo-wordcamp-bou","status":"publish","type":"post","link":"https:\/\/porto.wordcamp.org\/2013\/vais-ao-proximo-wordcamp-bou\/","title":{"rendered":"Vais ao pr\u00f3ximo WordCamp? &#8220;Bou&#8221;"},"content":{"rendered":"<p>O WordCamp Porto 2013 foi, para a maioria dos presentes &#8211; pelo menos daqueles que responderam ao inqu\u00e9rito promovido -, o primeiro evento do g\u00e9nero em que participaram.<\/p>\n<p><a href=\"https:\/\/2013.porto.wordcamp.org\/files\/2013\/11\/q1.jpg\"><img loading=\"lazy\" decoding=\"async\" class=\"alignnone size-full wp-image-571348\" alt=\"q1\" src=\"https:\/\/2013.porto.wordcamp.org\/files\/2013\/11\/q1.jpg\" width=\"500\" height=\"102\" srcset=\"https:\/\/porto.wordcamp.org\/2013\/files\/2013\/11\/q1.jpg 500w, https:\/\/porto.wordcamp.org\/2013\/files\/2013\/11\/q1-300x61.jpg 300w\" sizes=\"auto, (max-width: 500px) 100vw, 500px\" \/><\/a><\/p>\n<p>Para 61 dos 88 respondentes, este foi o primeiro contacto que tiveram com um WordCamp. Os restantes 27 tinham j\u00e1 experi\u00eancias anteriores.<\/p>\n<p><a href=\"https:\/\/2013.porto.wordcamp.org\/files\/2013\/11\/q3.png\"><img loading=\"lazy\" decoding=\"async\" class=\"alignnone size-full wp-image-571351\" alt=\"q3\" src=\"https:\/\/2013.porto.wordcamp.org\/files\/2013\/11\/q3.png\" width=\"500\" height=\"113\" srcset=\"https:\/\/porto.wordcamp.org\/2013\/files\/2013\/11\/q3.png 500w, https:\/\/porto.wordcamp.org\/2013\/files\/2013\/11\/q3-300x67.png 300w\" sizes=\"auto, (max-width: 500px) 100vw, 500px\" \/><\/a><br \/>\nQuase todos indicaram que t\u00eam inten\u00e7\u00e3o de participar no pr\u00f3ximo evento. Dos 88 s\u00f3 manifestou aus\u00eancia de interesse em regressar.<\/p>\n","protected":false},"excerpt":{"rendered":"<p>O WordCamp Porto 2013 foi, para a maioria dos presentes &#8211; pelo menos daqueles que responderam ao inqu\u00e9rito promovido -, o primeiro evento do g\u00e9nero em que participaram. Para 61 dos 88 respondentes, este foi o primeiro contacto que tiveram &hellip; <a href=\"https:\/\/porto.wordcamp.org\/2013\/vais-ao-proximo-wordcamp-bou\/\">Continuar a ler <span class=\"screen-reader-text\">Vais ao pr\u00f3ximo WordCamp? &#8220;Bou&#8221;<\/span>  <span class=\"meta-nav\">&rarr;<\/span><\/a><\/p>\n","protected":false},"author":1034113,"featured_media":0,"comment_status":"closed","ping_status":"open","sticky":false,"template":"","format":"standard","meta":{"_crdt_document":"","jetpack_post_was_ever_published":false,"_jetpack_newsletter_access":"","_jetpack_dont_email_post_to_subs":false,"_jetpack_newsletter_tier_id":0,"_jetpack_memberships_contains_paywalled_content":false,"_jetpack_memberships_contains_paid_content":false,"footnotes":""},"categories":[324],"tags":[25],"class_list":["post-571349","post","type-post","status-publish","format-standard","hentry","category-noticias","tag-wordcamp"],"jetpack_featured_media_url":"","jetpack_sharing_enabled":true,"jetpack_shortlink":"https:\/\/wp.me\/p3pPTH-2oDj","_links":{"self":[{"href":"https:\/\/porto.wordcamp.org\/2013\/wp-json\/wp\/v2\/posts\/571349","targetHints":{"allow":["GET"]}}],"collection":[{"href":"https:\/\/porto.wordcamp.org\/2013\/wp-json\/wp\/v2\/posts"}],"about":[{"href":"https:\/\/porto.wordcamp.org\/2013\/wp-json\/wp\/v2\/types\/post"}],"author":[{"embeddable":true,"href":"https:\/\/porto.wordcamp.org\/2013\/wp-json\/wp\/v2\/users\/1034113"}],"replies":[{"embeddable":true,"href":"https:\/\/porto.wordcamp.org\/2013\/wp-json\/wp\/v2\/comments?post=571349"}],"version-history":[{"count":2,"href":"https:\/\/porto.wordcamp.org\/2013\/wp-json\/wp\/v2\/posts\/571349\/revisions"}],"predecessor-version":[{"id":571352,"href":"https:\/\/porto.wordcamp.org\/2013\/wp-json\/wp\/v2\/posts\/571349\/revisions\/571352"}],"wp:attachment":[{"href":"https:\/\/porto.wordcamp.org\/2013\/wp-json\/wp\/v2\/media?parent=571349"}],"wp:term":[{"taxonomy":"category","embeddable":true,"href":"https:\/\/porto.wordcamp.org\/2013\/wp-json\/wp\/v2\/categories?post=571349"},{"taxonomy":"post_tag","embeddable":true,"href":"https:\/\/porto.wordcamp.org\/2013\/wp-json\/wp\/v2\/tags?post=571349"}],"curies":[{"name":"wp","href":"https:\/\/api.w.org\/{rel}","templated":true}]}}