{"id":584747,"date":"2013-12-02T10:00:06","date_gmt":"2013-12-02T10:00:06","guid":{"rendered":"https:\/\/2013.porto.wordcamp.org\/?p=584747"},"modified":"2013-12-02T09:25:18","modified_gmt":"2013-12-02T09:25:18","slug":"como-nasceu-a-comunidade-portuguesa-de-wordpress-por-americo-dias-video","status":"publish","type":"post","link":"https:\/\/porto.wordcamp.org\/2013\/como-nasceu-a-comunidade-portuguesa-de-wordpress-por-americo-dias-video\/","title":{"rendered":"Como Nasceu a Comunidade Portuguesa de WordPress, por Am\u00e9rico Dias (v\u00eddeo)"},"content":{"rendered":"<p>&#8220;Como Nasceu a Comunidade Portuguesa de WordPress&#8221; foi o tema da apresenta\u00e7\u00e3o de <a href=\"https:\/\/2013.porto.wordcamp.org\/oradores-confirmados\/#wcorg-speaker-americo-dias\">Am\u00e9rico Dias<\/a> no WordCamp Porto 2013. Um relato na primeira pessoa por um dos co-fundadores da comunidade.<\/p>\n<p><a href=\"https:\/\/2013.porto.wordcamp.org\/files\/2013\/12\/Am\u00e9rico-Dias.jpg\"><img loading=\"lazy\" decoding=\"async\" class=\"alignnone size-full wp-image-584750\" alt=\"Am\u00e9rico Dias\" src=\"https:\/\/2013.porto.wordcamp.org\/files\/2013\/12\/Am\u00e9rico-Dias.jpg\" width=\"500\" height=\"335\" srcset=\"https:\/\/porto.wordcamp.org\/2013\/files\/2013\/12\/Am\u00e9rico-Dias.jpg 500w, https:\/\/porto.wordcamp.org\/2013\/files\/2013\/12\/Am\u00e9rico-Dias-300x201.jpg 300w\" sizes=\"auto, (max-width: 500px) 100vw, 500px\" \/><\/a><\/p>\n<p>Eis o v\u00eddeo:<\/p>\n<p><span class=\"embed-youtube\" style=\"text-align:center; display: block;\"><iframe loading=\"lazy\" class=\"youtube-player\" width=\"640\" height=\"360\" src=\"https:\/\/www.youtube.com\/embed\/GpivEydzWT4?version=3&#038;rel=1&#038;showsearch=0&#038;showinfo=1&#038;iv_load_policy=1&#038;fs=1&#038;hl=pt-PT&#038;autohide=2&#038;wmode=transparent\" allowfullscreen=\"true\" style=\"border:0;\" sandbox=\"allow-scripts allow-same-origin allow-popups allow-presentation allow-popups-to-escape-sandbox\"><\/iframe><\/span><\/p>\n<p>Slides: <a href=\"https:\/\/2013.porto.wordcamp.org\/files\/2013\/12\/como_nasceu_CPW.pdf\">como_nasceu_CPW<\/a><\/p>\n<blockquote class=\"wp-embedded-content\" data-secret=\"frsEsLQpv6\"><p><a href=\"https:\/\/americodias.com\/\">Home<\/a><\/p><\/blockquote>\n<p><iframe loading=\"lazy\" class=\"wp-embedded-content\" sandbox=\"allow-scripts\" security=\"restricted\" style=\"position: absolute; clip: rect(1px, 1px, 1px, 1px);\" title=\"&#8220;Home&#8221; &#8212; Am\u00e9rico Dias\" src=\"https:\/\/americodias.com\/embed\/#?secret=bhJ2k8LBm7#?secret=frsEsLQpv6\" data-secret=\"frsEsLQpv6\" width=\"600\" height=\"338\" frameborder=\"0\" marginwidth=\"0\" marginheight=\"0\" scrolling=\"no\"><\/iframe><br \/>\nhttps:\/\/www.facebook.com\/dias.americo<\/p>\n","protected":false},"excerpt":{"rendered":"<p>&#8220;Como Nasceu a Comunidade Portuguesa de WordPress&#8221; foi o tema da apresenta\u00e7\u00e3o de Am\u00e9rico Dias no WordCamp Porto 2013. Um relato na primeira pessoa por um dos co-fundadores da comunidade. Eis o v\u00eddeo: Slides: como_nasceu_CPW Home https:\/\/www.facebook.com\/dias.americo<\/p>\n","protected":false},"author":1034113,"featured_media":0,"comment_status":"closed","ping_status":"open","sticky":false,"template":"","format":"standard","meta":{"_crdt_document":"","jetpack_post_was_ever_published":false,"_jetpack_newsletter_access":"","_jetpack_dont_email_post_to_subs":false,"_jetpack_newsletter_tier_id":0,"_jetpack_memberships_contains_paywalled_content":false,"_jetpack_memberships_contains_paid_content":false,"footnotes":""},"categories":[324,30416],"tags":[199906,200040],"class_list":["post-584747","post","type-post","status-publish","format-standard","hentry","category-noticias","category-oradores-2","tag-americo-dias","tag-comunidade-portuguesa-de-wordpress"],"jetpack_featured_media_url":"","jetpack_sharing_enabled":true,"jetpack_shortlink":"https:\/\/wp.me\/p3pPTH-2s7p","_links":{"self":[{"href":"https:\/\/porto.wordcamp.org\/2013\/wp-json\/wp\/v2\/posts\/584747","targetHints":{"allow":["GET"]}}],"collection":[{"href":"https:\/\/porto.wordcamp.org\/2013\/wp-json\/wp\/v2\/posts"}],"about":[{"href":"https:\/\/porto.wordcamp.org\/2013\/wp-json\/wp\/v2\/types\/post"}],"author":[{"embeddable":true,"href":"https:\/\/porto.wordcamp.org\/2013\/wp-json\/wp\/v2\/users\/1034113"}],"replies":[{"embeddable":true,"href":"https:\/\/porto.wordcamp.org\/2013\/wp-json\/wp\/v2\/comments?post=584747"}],"version-history":[{"count":2,"href":"https:\/\/porto.wordcamp.org\/2013\/wp-json\/wp\/v2\/posts\/584747\/revisions"}],"predecessor-version":[{"id":584751,"href":"https:\/\/porto.wordcamp.org\/2013\/wp-json\/wp\/v2\/posts\/584747\/revisions\/584751"}],"wp:attachment":[{"href":"https:\/\/porto.wordcamp.org\/2013\/wp-json\/wp\/v2\/media?parent=584747"}],"wp:term":[{"taxonomy":"category","embeddable":true,"href":"https:\/\/porto.wordcamp.org\/2013\/wp-json\/wp\/v2\/categories?post=584747"},{"taxonomy":"post_tag","embeddable":true,"href":"https:\/\/porto.wordcamp.org\/2013\/wp-json\/wp\/v2\/tags?post=584747"}],"curies":[{"name":"wp","href":"https:\/\/api.w.org\/{rel}","templated":true}]}}