{"id":598907,"date":"2013-12-06T10:18:47","date_gmt":"2013-12-06T10:18:47","guid":{"rendered":"https:\/\/2013.porto.wordcamp.org\/?p=598907"},"modified":"2013-12-06T10:18:47","modified_gmt":"2013-12-06T10:18:47","slug":"obrigado-e-ate-a-proxima","status":"publish","type":"post","link":"https:\/\/porto.wordcamp.org\/2013\/obrigado-e-ate-a-proxima\/","title":{"rendered":"Obrigado e at\u00e9 \u00e0 pr\u00f3xima"},"content":{"rendered":"<p>Terminamos a publica\u00e7\u00e3o dos v\u00eddeos de todas as apresenta\u00e7\u00f5es do WordCamp Porto 2013. J\u00e1 enviamos os devidos agradecimentos a todos aqueles que marcaram presen\u00e7a no evento. Aos patrocinadores, aos oradores e, sobretudo, a todas as pessoas da comunidade que estiveram, ou n\u00e3o estando se inscreveram, na iniciativa.<\/p>\n<p>J\u00e1 analisamos e publicamos os resultados do inqu\u00e9rito promovido ap\u00f3s o evento. O que n\u00e3o foi publicado tamb\u00e9m n\u00e3o ser\u00e1. Serve para an\u00e1lise da organiza\u00e7\u00e3o. Analisamos e debatemos (e ainda iremos debater mais) as ideias, sugest\u00f5es e cr\u00edticas \u2013 positivas e negativas \u2013 efectuadas por quem usou a quest\u00e3o aberta do inqu\u00e9rito para expressar a sua opini\u00e3o. Obrigado por o terem feito.<\/p>\n<p>Neste momento, quase um m\u00eas depois do evento, faltam apenas resolver alguns aspectos burocr\u00e1ticos.<\/p>\n<p><a href=\"https:\/\/2013.porto.wordcamp.org\/files\/2013\/11\/ALC0036.jpg\"><img loading=\"lazy\" decoding=\"async\" class=\"alignnone size-full wp-image-501694\" alt=\"_ALC0036\" src=\"https:\/\/2013.porto.wordcamp.org\/files\/2013\/11\/ALC0036.jpg\" width=\"500\" height=\"336\" srcset=\"https:\/\/porto.wordcamp.org\/2013\/files\/2013\/11\/ALC0036.jpg 500w, https:\/\/porto.wordcamp.org\/2013\/files\/2013\/11\/ALC0036-300x201.jpg 300w\" sizes=\"auto, (max-width: 500px) 100vw, 500px\" \/><\/a><\/p>\n<p>Ficamos satisfeitos por ver que o WordCamp Porto 2013 serviu igualmente para abrir as portas a uma nova fase da <a href=\"http:\/\/wp-portugal.com\/2013\/12\/03\/queres-fazer-o-novo-website-da-comunidade-portuguesa-de-wordpress-esta-e-tua-oportunidade\/\" target=\"_blank\">Comunidade Portuguesa de WordPress<\/a>. E esta \u00e9 uma miss\u00e3o da responsabilidade de<strong> todos<\/strong> aqueles que usam WordPress.<\/p>\n<p>\u00c9 tempo de seguir em frente. Para j\u00e1, no Porto, temos um meetup agendado para <a href=\"http:\/\/wp-portugal.com\/2013\/12\/05\/wordpress-meetup-porto-14-de-dezembro\/\" target=\"_blank\">14 de Dezembro<\/a>.<\/p>\n<p>N\u00e3o h\u00e1, nesta altura, an\u00fancios a fazer quanto a um novo WordCamp no Porto. Temos a certeza que haver\u00e1 mais. N\u00e3o sabemos \u00e9 quando. O melhor \u00e9 acompanhar <a href=\"http:\/\/wp-portugal.com\/2013\/12\/05\/wordpress-meetup-porto-14-de-dezembro\/\" target=\"_blank\">o que se passa na comunidade<\/a>.<\/p>\n<p><strong>Obrigado a todos. At\u00e9 \u00e0 pr\u00f3xima.<\/strong><\/p>\n<p>A equipa organizadora do WordCamp Porto 2013<\/p>\n<p>&nbsp;<\/p>\n<h3>Acompanha tudo o que est\u00e1 relacionado com a Comunidade Portuguesa de WordPress<\/h3>\n<p>Site: <a href=\"http:\/\/wp-portugal.com\" target=\"_blank\">http:\/\/wp-portugal.com<\/a><br \/>\nEmail: info (at) wp-portugal.com<br \/>\nTwitter: <a href=\"https:\/\/twitter.com\/wp_portugal\" rel=\"nofollow\">https:\/\/twitter.com\/wp_portugal<\/a><br \/>\nFacebook:<a href=\"https:\/\/www.facebook.com\/WordPressPortugal\/\" rel=\"nofollow\"> https:\/\/www.facebook.com\/WordPressPortugal\/<\/a><br \/>\nGoogle+<a href=\"https:\/\/plus.google.com\/u\/0\/b\/108483888964609906121\/108483888964609906121\/\" rel=\"nofollow\">: https:\/\/plus.google.com\/u\/0\/b\/108483888964609906121\/108483888964609906121\/<\/a><\/p>\n","protected":false},"excerpt":{"rendered":"<p>Terminamos a publica\u00e7\u00e3o dos v\u00eddeos de todas as apresenta\u00e7\u00f5es do WordCamp Porto 2013. J\u00e1 enviamos os devidos agradecimentos a todos aqueles que marcaram presen\u00e7a no evento. Aos patrocinadores, aos oradores e, sobretudo, a todas as pessoas da comunidade que estiveram, &hellip; <a href=\"https:\/\/porto.wordcamp.org\/2013\/obrigado-e-ate-a-proxima\/\">Continuar a ler <span class=\"screen-reader-text\">Obrigado e at\u00e9 \u00e0 pr\u00f3xima<\/span>  <span class=\"meta-nav\">&rarr;<\/span><\/a><\/p>\n","protected":false},"author":1034113,"featured_media":0,"comment_status":"closed","ping_status":"open","sticky":false,"template":"","format":"standard","meta":{"_crdt_document":"","jetpack_post_was_ever_published":false,"_jetpack_newsletter_access":"","_jetpack_dont_email_post_to_subs":false,"_jetpack_newsletter_tier_id":0,"_jetpack_memberships_contains_paywalled_content":false,"_jetpack_memberships_contains_paid_content":false,"footnotes":""},"categories":[324],"tags":[182988],"class_list":["post-598907","post","type-post","status-publish","format-standard","hentry","category-noticias","tag-wordcamp-porto-2013"],"jetpack_featured_media_url":"","jetpack_sharing_enabled":true,"jetpack_shortlink":"https:\/\/wp.me\/p3pPTH-2vNN","_links":{"self":[{"href":"https:\/\/porto.wordcamp.org\/2013\/wp-json\/wp\/v2\/posts\/598907","targetHints":{"allow":["GET"]}}],"collection":[{"href":"https:\/\/porto.wordcamp.org\/2013\/wp-json\/wp\/v2\/posts"}],"about":[{"href":"https:\/\/porto.wordcamp.org\/2013\/wp-json\/wp\/v2\/types\/post"}],"author":[{"embeddable":true,"href":"https:\/\/porto.wordcamp.org\/2013\/wp-json\/wp\/v2\/users\/1034113"}],"replies":[{"embeddable":true,"href":"https:\/\/porto.wordcamp.org\/2013\/wp-json\/wp\/v2\/comments?post=598907"}],"version-history":[{"count":4,"href":"https:\/\/porto.wordcamp.org\/2013\/wp-json\/wp\/v2\/posts\/598907\/revisions"}],"predecessor-version":[{"id":602370,"href":"https:\/\/porto.wordcamp.org\/2013\/wp-json\/wp\/v2\/posts\/598907\/revisions\/602370"}],"wp:attachment":[{"href":"https:\/\/porto.wordcamp.org\/2013\/wp-json\/wp\/v2\/media?parent=598907"}],"wp:term":[{"taxonomy":"category","embeddable":true,"href":"https:\/\/porto.wordcamp.org\/2013\/wp-json\/wp\/v2\/categories?post=598907"},{"taxonomy":"post_tag","embeddable":true,"href":"https:\/\/porto.wordcamp.org\/2013\/wp-json\/wp\/v2\/tags?post=598907"}],"curies":[{"name":"wp","href":"https:\/\/api.w.org\/{rel}","templated":true}]}}