{"id":82232,"date":"2013-07-26T13:12:25","date_gmt":"2013-07-26T12:12:25","guid":{"rendered":"https:\/\/2013.porto.wordcamp.org\/?p=82232"},"modified":"2013-07-30T11:29:49","modified_gmt":"2013-07-30T10:29:49","slug":"e-se-este-ano-realizassemos-um-wordcamp-no-porto","status":"publish","type":"post","link":"https:\/\/porto.wordcamp.org\/2013\/e-se-este-ano-realizassemos-um-wordcamp-no-porto\/","title":{"rendered":"E se este ano realizassemos um WordCamp no Porto?"},"content":{"rendered":"<p>Isso era&#8230; interessante.<br \/>\nAp\u00f3s 2 edi\u00e7\u00f5es em Lisboa (<a href=\"http:\/\/2011.lisboa.wordcamp.org\/\">2011<\/a>, <a href=\"http:\/\/2012.lisboa.wordcamp.org\/\">2012<\/a>), este ano vamos dar um saltinho ao Porto onde iremos realizar a nova edi\u00e7\u00e3o do Wordcamp.<\/p>\n<p>Informa\u00e7\u00e3o sobre oradores e local vai sendo publicada nos pr\u00f3ximos dias. At\u00e9 l\u00e1 apare\u00e7am no <a href=\"http:\/\/www.meetup.com\/WordPress-Porto\/events\/129129242\/\">encontro de dia 31 de julho<\/a> para nos conhecermos e trocarmos mais ideias.<\/p>\n<p>Vejam como nos podem <a href=\"https:\/\/2013.porto.wordcamp.org\/apoiar-o-wordcamp\/\">apoiar<\/a> e ajudar a divulgar.<\/p>\n<div id=\"attachment_82522\" style=\"width: 310px\" class=\"wp-caption alignnone\"><a href=\"https:\/\/2013.porto.wordcamp.org\/files\/2013\/07\/IMG_4202.jpg\"><img loading=\"lazy\" decoding=\"async\" aria-describedby=\"caption-attachment-82522\" src=\"https:\/\/2013.porto.wordcamp.org\/files\/2013\/07\/IMG_4202-300x200.jpg\" alt=\"1\u00ba Encontro Comunidade WordPress Porto\" width=\"300\" height=\"200\" class=\"size-medium wp-image-82522\" srcset=\"https:\/\/porto.wordcamp.org\/2013\/files\/2013\/07\/IMG_4202-300x200.jpg 300w, https:\/\/porto.wordcamp.org\/2013\/files\/2013\/07\/IMG_4202.jpg 1024w\" sizes=\"auto, (max-width: 300px) 100vw, 300px\" \/><\/a><p id=\"caption-attachment-82522\" class=\"wp-caption-text\">1\u00ba Encontro Comunidade WordPress Porto<\/p><\/div>\n<div id=\"attachment_82524\" style=\"width: 310px\" class=\"wp-caption alignnone\"><a href=\"https:\/\/2013.porto.wordcamp.org\/files\/2013\/07\/600_187034622.jpeg\"><img loading=\"lazy\" decoding=\"async\" aria-describedby=\"caption-attachment-82524\" src=\"https:\/\/2013.porto.wordcamp.org\/files\/2013\/07\/600_187034622-300x200.jpeg\" alt=\"Encontro 0 Comunidade WordPress Porto\" width=\"300\" height=\"200\" class=\"size-medium wp-image-82524\" srcset=\"https:\/\/porto.wordcamp.org\/2013\/files\/2013\/07\/600_187034622-300x200.jpeg 300w, https:\/\/porto.wordcamp.org\/2013\/files\/2013\/07\/600_187034622.jpeg 600w\" sizes=\"auto, (max-width: 300px) 100vw, 300px\" \/><\/a><p id=\"caption-attachment-82524\" class=\"wp-caption-text\">Encontro 0 Comunidade WordPress Porto<\/p><\/div>\n","protected":false},"excerpt":{"rendered":"<p>Isso era&#8230; interessante. Ap\u00f3s 2 edi\u00e7\u00f5es em Lisboa (2011, 2012), este ano vamos dar um saltinho ao Porto onde iremos realizar a nova edi\u00e7\u00e3o do Wordcamp. Informa\u00e7\u00e3o sobre oradores e local vai sendo publicada nos pr\u00f3ximos dias. At\u00e9 l\u00e1 apare\u00e7am &hellip; <a href=\"https:\/\/porto.wordcamp.org\/2013\/e-se-este-ano-realizassemos-um-wordcamp-no-porto\/\">Continuar a ler <span class=\"screen-reader-text\">E se este ano realizassemos um WordCamp no Porto?<\/span>  <span class=\"meta-nav\">&rarr;<\/span><\/a><\/p>\n","protected":false},"author":11710055,"featured_media":0,"comment_status":"closed","ping_status":"open","sticky":false,"template":"","format":"standard","meta":{"_crdt_document":"","jetpack_post_was_ever_published":false,"_jetpack_newsletter_access":"","_jetpack_dont_email_post_to_subs":false,"_jetpack_newsletter_tier_id":0,"_jetpack_memberships_contains_paywalled_content":false,"_jetpack_memberships_contains_paid_content":false,"footnotes":""},"categories":[324],"tags":[170885],"class_list":["post-82232","post","type-post","status-publish","format-standard","hentry","category-noticias","tag-kickoff"],"jetpack_featured_media_url":"","jetpack_sharing_enabled":true,"jetpack_shortlink":"https:\/\/wp.me\/p3pPTH-lok","_links":{"self":[{"href":"https:\/\/porto.wordcamp.org\/2013\/wp-json\/wp\/v2\/posts\/82232","targetHints":{"allow":["GET"]}}],"collection":[{"href":"https:\/\/porto.wordcamp.org\/2013\/wp-json\/wp\/v2\/posts"}],"about":[{"href":"https:\/\/porto.wordcamp.org\/2013\/wp-json\/wp\/v2\/types\/post"}],"author":[{"embeddable":true,"href":"https:\/\/porto.wordcamp.org\/2013\/wp-json\/wp\/v2\/users\/11710055"}],"replies":[{"embeddable":true,"href":"https:\/\/porto.wordcamp.org\/2013\/wp-json\/wp\/v2\/comments?post=82232"}],"version-history":[{"count":12,"href":"https:\/\/porto.wordcamp.org\/2013\/wp-json\/wp\/v2\/posts\/82232\/revisions"}],"predecessor-version":[{"id":92902,"href":"https:\/\/porto.wordcamp.org\/2013\/wp-json\/wp\/v2\/posts\/82232\/revisions\/92902"}],"wp:attachment":[{"href":"https:\/\/porto.wordcamp.org\/2013\/wp-json\/wp\/v2\/media?parent=82232"}],"wp:term":[{"taxonomy":"category","embeddable":true,"href":"https:\/\/porto.wordcamp.org\/2013\/wp-json\/wp\/v2\/categories?post=82232"},{"taxonomy":"post_tag","embeddable":true,"href":"https:\/\/porto.wordcamp.org\/2013\/wp-json\/wp\/v2\/tags?post=82232"}],"curies":[{"name":"wp","href":"https:\/\/api.w.org\/{rel}","templated":true}]}}