{"id":96422,"date":"2013-07-31T13:51:32","date_gmt":"2013-07-31T12:51:32","guid":{"rendered":"https:\/\/2013.porto.wordcamp.org\/?p=96422"},"modified":"2013-07-31T13:56:16","modified_gmt":"2013-07-31T12:56:16","slug":"porto-a-casa-especial-do-334o-wordcamp","status":"publish","type":"post","link":"https:\/\/porto.wordcamp.org\/2013\/porto-a-casa-especial-do-334o-wordcamp\/","title":{"rendered":"Porto: A casa especial do 334\u00ba WordCamp"},"content":{"rendered":"<p>O Porto vai ser a casa do <a href=\"https:\/\/2013.porto.wordcamp.org\/\" target=\"_blank\">WordCamp <\/a>n\u00famero 334. Podiamos olhar de lado, franzir o sobrolho e acrescentar um lamentoso &#8220;334? E s\u00f3 agora fazemos um?&#8221;. N\u00e3o fazemos isso.<br \/>\nPreferimos dizer que faremos um especial e orgulhoso 334\u00ba WordCamp. Especial e orgulhoso porqu\u00ea? Porque \u00e9 na Invicta, Mui Nobre e Sempre Leal Cidade do Porto. Eis porque.<\/p>\n<div id=\"attachment_96564\" style=\"width: 650px\" class=\"wp-caption alignnone\"><a href=\"https:\/\/2013.porto.wordcamp.org\/files\/2013\/07\/matt_sf_2013.jpg\"><img loading=\"lazy\" decoding=\"async\" aria-describedby=\"caption-attachment-96564\" class=\"size-full wp-image-96564\" alt=\"Matt Mullenweg\" src=\"https:\/\/2013.porto.wordcamp.org\/files\/2013\/07\/matt_sf_2013.jpg\" width=\"640\" height=\"360\" srcset=\"https:\/\/porto.wordcamp.org\/2013\/files\/2013\/07\/matt_sf_2013.jpg 640w, https:\/\/porto.wordcamp.org\/2013\/files\/2013\/07\/matt_sf_2013-300x168.jpg 300w\" sizes=\"auto, (max-width: 640px) 100vw, 640px\" \/><\/a><p id=\"caption-attachment-96564\" class=\"wp-caption-text\">Matt Mullenweg no Wordcamp de S\u00e3o Francisco @wordpress.tv<\/p><\/div>\n<p>At\u00e9 ao passado fim-de-semana o mundo j\u00e1 viu 314 WordCamps, contabilizou o fundador do WordPress, Matt Mullenweg, no WordCamp de S\u00e3o Francisco. Com aqueles que se realizar\u00e3o at\u00e9 9 e 10 de Novembro, fazendo as contas, resulta que o Porto \u00e9 o cen\u00e1rio do evento 334.<br \/>\nSeja bem-vindo quem quiser <a href=\"https:\/\/2013.porto.wordcamp.org\/bilhetes\/\" target=\"_blank\">partilhar o momento<\/a> connosco.<\/p>\n","protected":false},"excerpt":{"rendered":"<p>O Porto vai ser a casa do WordCamp n\u00famero 334. Podiamos olhar de lado, franzir o sobrolho e acrescentar um lamentoso &#8220;334? E s\u00f3 agora fazemos um?&#8221;. N\u00e3o fazemos isso. Preferimos dizer que faremos um especial e orgulhoso 334\u00ba WordCamp. &hellip; <a href=\"https:\/\/porto.wordcamp.org\/2013\/porto-a-casa-especial-do-334o-wordcamp\/\">Continuar a ler <span class=\"screen-reader-text\">Porto: A casa especial do 334\u00ba WordCamp<\/span>  <span class=\"meta-nav\">&rarr;<\/span><\/a><\/p>\n","protected":false},"author":1034113,"featured_media":0,"comment_status":"closed","ping_status":"open","sticky":false,"template":"","format":"standard","meta":{"_crdt_document":"","jetpack_post_was_ever_published":false,"_jetpack_newsletter_access":"","_jetpack_dont_email_post_to_subs":false,"_jetpack_newsletter_tier_id":0,"_jetpack_memberships_contains_paywalled_content":false,"_jetpack_memberships_contains_paid_content":false,"footnotes":""},"categories":[324],"tags":[67,171438,25],"class_list":["post-96422","post","type-post","status-publish","format-standard","hentry","category-noticias","tag-matt-mullenweg","tag-porto","tag-wordcamp"],"jetpack_featured_media_url":"","jetpack_sharing_enabled":true,"jetpack_shortlink":"https:\/\/wp.me\/p3pPTH-p5c","_links":{"self":[{"href":"https:\/\/porto.wordcamp.org\/2013\/wp-json\/wp\/v2\/posts\/96422","targetHints":{"allow":["GET"]}}],"collection":[{"href":"https:\/\/porto.wordcamp.org\/2013\/wp-json\/wp\/v2\/posts"}],"about":[{"href":"https:\/\/porto.wordcamp.org\/2013\/wp-json\/wp\/v2\/types\/post"}],"author":[{"embeddable":true,"href":"https:\/\/porto.wordcamp.org\/2013\/wp-json\/wp\/v2\/users\/1034113"}],"replies":[{"embeddable":true,"href":"https:\/\/porto.wordcamp.org\/2013\/wp-json\/wp\/v2\/comments?post=96422"}],"version-history":[{"count":3,"href":"https:\/\/porto.wordcamp.org\/2013\/wp-json\/wp\/v2\/posts\/96422\/revisions"}],"predecessor-version":[{"id":96567,"href":"https:\/\/porto.wordcamp.org\/2013\/wp-json\/wp\/v2\/posts\/96422\/revisions\/96567"}],"wp:attachment":[{"href":"https:\/\/porto.wordcamp.org\/2013\/wp-json\/wp\/v2\/media?parent=96422"}],"wp:term":[{"taxonomy":"category","embeddable":true,"href":"https:\/\/porto.wordcamp.org\/2013\/wp-json\/wp\/v2\/categories?post=96422"},{"taxonomy":"post_tag","embeddable":true,"href":"https:\/\/porto.wordcamp.org\/2013\/wp-json\/wp\/v2\/tags?post=96422"}],"curies":[{"name":"wp","href":"https:\/\/api.w.org\/{rel}","templated":true}]}}